{"id":114854,"date":"2023-08-31T12:00:45","date_gmt":"2023-08-31T15:00:45","guid":{"rendered":"https:\/\/www.locoxelrojo.com\/independiente\/?p=114854"},"modified":"2023-08-31T17:33:53","modified_gmt":"2023-08-31T20:33:53","slug":"vallejo-se-va-a-talleres","status":"publish","type":"post","link":"https:\/\/www.locoxelrojo.com\/independiente\/2023\/08\/31\/vallejo-se-va-a-talleres\/","title":{"rendered":"Vallejo se va a Talleres"},"content":{"rendered":"<p><strong>Nicol\u00e1s Vallejo se va a jugar a Talleres de C\u00f3rdoba.<\/strong><\/p>\n<p>Independiente lleg\u00f3 a un acuerdo con el conjunto cordob\u00e9s <strong>para cerrar el pr\u00e9stamo por 18 meses<\/strong>. De poca continuidad en el \u00faltimo tiempo, <strong>va con la idea de sumar minutos y poder reencontrarse con el nivel que supo mostrar cuando apareci\u00f3 en la Primera del Rojo<\/strong>.<\/p>\n<p>La negociaci\u00f3n se cerr\u00f3 con un cargo. El mismo es la deuda que Independiente mantiene con Talleres por el pase de Jonathan Men\u00e9ndez. <strong>La misma era de 150.000 d\u00f3lares pero en la demanda figura un monto potencial reclamado de 650.000 d\u00f3lares<\/strong>. Con esta operaci\u00f3n queda cancelado.<\/p>\n<p>Adem\u00e1s, <strong>hay firmada una opci\u00f3n de compra de 2.000.000 de d\u00f3lares netos por el 60% del pase<\/strong>. El Chaco disput\u00f3 un total <strong>35 partidos en el club y marc\u00f3 4 goles<\/strong>.<\/p>\n<blockquote class=\"twitter-tweet\">\n<p dir=\"ltr\" lang=\"es\">Nicol\u00e1s Vallejo se marcha a pr\u00e9stamo a Talleres de C\u00f3rdoba por 18 meses.<\/p>\n<p>El cargo de la cesi\u00f3n es la deuda que Independiente manten\u00eda con el club cordob\u00e9s por Jonathan Men\u00e9ndez (USD 650.000, estimaci\u00f3n de lo reclamado potencialmente por el club cordob\u00e9s) y existe una opci\u00f3n de\u2026 <a href=\"https:\/\/t.co\/FYLD0JZ5wg\">pic.twitter.com\/FYLD0JZ5wg<\/a><\/p>\n<p>\u2014 C. A. Independiente (@Independiente) <a href=\"https:\/\/twitter.com\/Independiente\/status\/1697315506347295023?ref_src=twsrc%5Etfw\">August 31, 2023<\/a><\/p><\/blockquote>\n<p><script async src=\"https:\/\/platform.twitter.com\/widgets.js\" charset=\"utf-8\"><\/script><\/p>\n","protected":false},"excerpt":{"rendered":"<p>Nicol\u00e1s Vallejo se va a jugar a Talleres de C\u00f3rdoba. Independiente lleg\u00f3 a un acuerdo con el conjunto cordob\u00e9s para cerrar el pr\u00e9stamo por 18 meses. De poca continuidad en el \u00faltimo tiempo, va con la idea de sumar minutos y poder reencontrarse con el nivel que supo mostrar cuando apareci\u00f3 en la Primera del [&hellip;]<\/p>\n","protected":false},"author":1,"featured_media":112724,"comment_status":"open","ping_status":"closed","sticky":false,"template":"","format":"standard","meta":{"_links_to":"","_links_to_target":""},"categories":[3280,3247],"tags":[153,5186,2624],"_links":{"self":[{"href":"https:\/\/www.locoxelrojo.com\/independiente\/wp-json\/wp\/v2\/posts\/114854"}],"collection":[{"href":"https:\/\/www.locoxelrojo.com\/independiente\/wp-json\/wp\/v2\/posts"}],"about":[{"href":"https:\/\/www.locoxelrojo.com\/independiente\/wp-json\/wp\/v2\/types\/post"}],"author":[{"embeddable":true,"href":"https:\/\/www.locoxelrojo.com\/independiente\/wp-json\/wp\/v2\/users\/1"}],"replies":[{"embeddable":true,"href":"https:\/\/www.locoxelrojo.com\/independiente\/wp-json\/wp\/v2\/comments?post=114854"}],"version-history":[{"count":1,"href":"https:\/\/www.locoxelrojo.com\/independiente\/wp-json\/wp\/v2\/posts\/114854\/revisions"}],"predecessor-version":[{"id":114855,"href":"https:\/\/www.locoxelrojo.com\/independiente\/wp-json\/wp\/v2\/posts\/114854\/revisions\/114855"}],"wp:featuredmedia":[{"embeddable":true,"href":"https:\/\/www.locoxelrojo.com\/independiente\/wp-json\/wp\/v2\/media\/112724"}],"wp:attachment":[{"href":"https:\/\/www.locoxelrojo.com\/independiente\/wp-json\/wp\/v2\/media?parent=114854"}],"wp:term":[{"taxonomy":"category","embeddable":true,"href":"https:\/\/www.locoxelrojo.com\/independiente\/wp-json\/wp\/v2\/categories?post=114854"},{"taxonomy":"post_tag","embeddable":true,"href":"https:\/\/www.locoxelrojo.com\/independiente\/wp-json\/wp\/v2\/tags?post=114854"}],"curies":[{"name":"wp","href":"https:\/\/api.w.org\/{rel}","templated":true}]}}