{"id":11510,"date":"2011-09-29T15:14:41","date_gmt":"2011-09-29T18:14:41","guid":{"rendered":"http:\/\/www.locoxelrojo.com.ar\/independiente\/?p=11510"},"modified":"2015-09-15T23:15:37","modified_gmt":"2015-09-16T02:15:37","slug":"el-pato-es-duda","status":"publish","type":"post","link":"https:\/\/www.locoxelrojo.com\/independiente\/2011\/09\/29\/el-pato-es-duda\/","title":{"rendered":"Patricio Rodr\u00edguez es duda"},"content":{"rendered":"<p><a href=\"http:\/\/www.locoxelrojo.com.ar\/independiente\/wp-content\/uploads\/2011\/09\/patricio_rodriguez.jpg\"><img loading=\"lazy\" class=\"alignnone size-full wp-image-11511\" title=\"patricio_rodriguez\" src=\"http:\/\/www.locoxelrojo.com.ar\/independiente\/wp-content\/uploads\/2011\/09\/patricio_rodriguez.jpg\" alt=\"\" width=\"590\" height=\"315\" srcset=\"https:\/\/locoxelrojo.com\/independiente\/wp-content\/uploads\/2011\/09\/patricio_rodriguez.jpg 590w, https:\/\/locoxelrojo.com\/independiente\/wp-content\/uploads\/2011\/09\/patricio_rodriguez-300x160.jpg 300w\" sizes=\"(max-width: 590px) 100vw, 590px\" \/><\/a><\/p>\n<p>Ram\u00f3n D\u00edaz lo confirm\u00f3 hace una semana pero el jugador no est\u00e1 para los 90 minutos y puede sufrir consecuencias si es sometido a un esfuerzo antes de que termine la recuperaci\u00f3n de su artroscopia en la rodilla derecha. El 10 no suma minutos desde la final en Jap\u00f3n frente al J\u00fabilo Iwata y se especula con que ocupe un lugar entre los suplentes.<\/p>\n<p>El Rojo ir\u00eda entonces con Leonel Nu\u00f1ez, Brian Nieva y Facundo Parra entre los titulares. El Pato tiene ganas de jugar pero la recomendaci\u00f3n del m\u00e9dico es hacerlo esperar. Si se determina su ingreso, saldr\u00eda Brian Nieva. Por otro lado, Fabi\u00e1n Assmann ser\u00e1 el arquero titular puesto a que ya est\u00e1 recuperado del pinchazo en el aductor.<\/p>\n<p>Independiente ir\u00eda entonces vs. Racing el pr\u00f3ximo domingo a partir de las 16:10 con Assmann; Eduardo Tuzzio, Juli\u00e1n Vel\u00e1zquez, Gabriel Milito, Maximiliano Vel\u00e1zquez; Cristian Pellerano, Fernando Godoy, Osmar Ferreyra; Leonel N\u00fa\u00f1ez; Brian Nieva o Patricio Rodr\u00edguez y Facundo Parra.<\/p>\n","protected":false},"excerpt":{"rendered":"<p>Ram\u00f3n D\u00edaz lo confirm\u00f3 hace una semana pero el jugador no est\u00e1 para los 90 minutos y puede sufrir consecuencias si es sometido a un esfuerzo antes de que termine la recuperaci\u00f3n de su artroscopia en la rodilla derecha. El 10 no suma minutos desde la final en Jap\u00f3n frente al J\u00fabilo Iwata y se [&hellip;]<\/p>\n","protected":false},"author":1,"featured_media":0,"comment_status":"open","ping_status":"open","sticky":false,"template":"","format":"standard","meta":{"_links_to":"","_links_to_target":""},"categories":[3,1],"tags":[153,41,210,974],"_links":{"self":[{"href":"https:\/\/www.locoxelrojo.com\/independiente\/wp-json\/wp\/v2\/posts\/11510"}],"collection":[{"href":"https:\/\/www.locoxelrojo.com\/independiente\/wp-json\/wp\/v2\/posts"}],"about":[{"href":"https:\/\/www.locoxelrojo.com\/independiente\/wp-json\/wp\/v2\/types\/post"}],"author":[{"embeddable":true,"href":"https:\/\/www.locoxelrojo.com\/independiente\/wp-json\/wp\/v2\/users\/1"}],"replies":[{"embeddable":true,"href":"https:\/\/www.locoxelrojo.com\/independiente\/wp-json\/wp\/v2\/comments?post=11510"}],"version-history":[{"count":0,"href":"https:\/\/www.locoxelrojo.com\/independiente\/wp-json\/wp\/v2\/posts\/11510\/revisions"}],"wp:attachment":[{"href":"https:\/\/www.locoxelrojo.com\/independiente\/wp-json\/wp\/v2\/media?parent=11510"}],"wp:term":[{"taxonomy":"category","embeddable":true,"href":"https:\/\/www.locoxelrojo.com\/independiente\/wp-json\/wp\/v2\/categories?post=11510"},{"taxonomy":"post_tag","embeddable":true,"href":"https:\/\/www.locoxelrojo.com\/independiente\/wp-json\/wp\/v2\/tags?post=11510"}],"curies":[{"name":"wp","href":"https:\/\/api.w.org\/{rel}","templated":true}]}}