{"id":115278,"date":"2023-09-24T19:55:32","date_gmt":"2023-09-24T22:55:32","guid":{"rendered":"https:\/\/www.locoxelrojo.com\/independiente\/?p=115278"},"modified":"2023-09-24T21:56:01","modified_gmt":"2023-09-25T00:56:01","slug":"canelo-sobre-el-penal-llego-primero-a-la-pelota-siento-el-contacto","status":"publish","type":"post","link":"https:\/\/www.locoxelrojo.com\/independiente\/2023\/09\/24\/canelo-sobre-el-penal-llego-primero-a-la-pelota-siento-el-contacto\/","title":{"rendered":"Canelo, sobre el penal: &#8220;Llego primero a la pelota, siento el contacto&#8221;"},"content":{"rendered":"<p><strong>Alexis Canelo<\/strong> habl\u00f3 luego del <a href=\"https:\/\/www.locoxelrojo.com\/independiente\/2023\/09\/24\/jugo-mal-y-lo-robaron\/\">empate 0-0 entre Independiente e Instituto<\/a> por la fecha 6 de la Copa de la Liga.<\/p>\n<p>Fue protagonista de una de las jugadas pol\u00e9micas del partido. Sobre el final, <strong>el atacante recibi\u00f3 un patad\u00f3n dentro del \u00e1rea<\/strong> que ni Dar\u00edo Herrera y mucho menos Germ\u00e1n Delfino en el VAR vieron.<\/p>\n<p><strong>&#8220;Estoy seguro que llego primero a la pelota, siento el contacto y me dejo caer. Ven\u00eda de atr\u00e1s, \u00e9l no me ve y yo se la punteo&#8221;<\/strong>, cont\u00f3. Y agreg\u00f3: <strong>&#8220;Son decisiones del \u00e1rbitro y lo dejamos ah\u00ed&#8221;<\/strong>.<\/p>\n<p><strong>&#8220;Sab\u00edamos que iba a ser un partido as\u00ed. Es un rival duro, lo hab\u00edamos analizado y se agrupan bien. Est\u00e1bamos preparados para eso, pero nos llevaron a otro escenario. Nosotros ven\u00edamos jugando otro tipo de f\u00fatbol y hoy nos toc\u00f3 este partido, de muchos pelotazos, forcejeos y segundas jugadas&#8221;<\/strong>, explic\u00f3, en relaci\u00f3n al pobre rendimiento.<\/p>\n<p><strong>&#8220;Quer\u00edamos ganar de local para desprendernos un poco, pero esto sigue, queda un largo camino todav\u00eda. Sumamos un punto, ahora tenemos que ir a ganar y prepararnos para el cl\u00e1sico&#8221;<\/strong>, cerr\u00f3.<\/p>\n<blockquote class=\"twitter-tweet\">\n<p dir=\"ltr\" lang=\"es\">&#8220;YO LLEGO PRIMERO A LA PELOTA Y SIENTO EL CONTACTO&#8221;<\/p>\n<p>Alexis Canelo fue protagonista de una de las jugadas m\u00e1s pol\u00e9micas del partido entre Independiente e Instituto y critic\u00f3 al \u00e1rbitro por no sancionar penal por falta de Alarc\u00f3n.<a href=\"https:\/\/twitter.com\/hashtag\/LPFxTNTSports?src=hash&amp;ref_src=twsrc%5Etfw\">#LPFxTNTSports<\/a> <a href=\"https:\/\/t.co\/chVWLQ1ZAW\">pic.twitter.com\/chVWLQ1ZAW<\/a><\/p>\n<p>\u2014 TNT Sports Argentina (@TNTSportsAR) <a href=\"https:\/\/twitter.com\/TNTSportsAR\/status\/1706039496456696149?ref_src=twsrc%5Etfw\">September 24, 2023<\/a><\/p><\/blockquote>\n<p><script async src=\"https:\/\/platform.twitter.com\/widgets.js\" charset=\"utf-8\"><\/script><\/p>\n","protected":false},"excerpt":{"rendered":"<p>Alexis Canelo habl\u00f3 luego del empate 0-0 entre Independiente e Instituto por la fecha 6 de la Copa de la Liga. Fue protagonista de una de las jugadas pol\u00e9micas del partido. Sobre el final, el atacante recibi\u00f3 un patad\u00f3n dentro del \u00e1rea que ni Dar\u00edo Herrera y mucho menos Germ\u00e1n Delfino en el VAR vieron. [&hellip;]<\/p>\n","protected":false},"author":1,"featured_media":115283,"comment_status":"open","ping_status":"closed","sticky":false,"template":"","format":"standard","meta":{"_links_to":"","_links_to_target":""},"categories":[3247,3],"tags":[3125,153,5276,2643],"_links":{"self":[{"href":"https:\/\/www.locoxelrojo.com\/independiente\/wp-json\/wp\/v2\/posts\/115278"}],"collection":[{"href":"https:\/\/www.locoxelrojo.com\/independiente\/wp-json\/wp\/v2\/posts"}],"about":[{"href":"https:\/\/www.locoxelrojo.com\/independiente\/wp-json\/wp\/v2\/types\/post"}],"author":[{"embeddable":true,"href":"https:\/\/www.locoxelrojo.com\/independiente\/wp-json\/wp\/v2\/users\/1"}],"replies":[{"embeddable":true,"href":"https:\/\/www.locoxelrojo.com\/independiente\/wp-json\/wp\/v2\/comments?post=115278"}],"version-history":[{"count":2,"href":"https:\/\/www.locoxelrojo.com\/independiente\/wp-json\/wp\/v2\/posts\/115278\/revisions"}],"predecessor-version":[{"id":115284,"href":"https:\/\/www.locoxelrojo.com\/independiente\/wp-json\/wp\/v2\/posts\/115278\/revisions\/115284"}],"wp:featuredmedia":[{"embeddable":true,"href":"https:\/\/www.locoxelrojo.com\/independiente\/wp-json\/wp\/v2\/media\/115283"}],"wp:attachment":[{"href":"https:\/\/www.locoxelrojo.com\/independiente\/wp-json\/wp\/v2\/media?parent=115278"}],"wp:term":[{"taxonomy":"category","embeddable":true,"href":"https:\/\/www.locoxelrojo.com\/independiente\/wp-json\/wp\/v2\/categories?post=115278"},{"taxonomy":"post_tag","embeddable":true,"href":"https:\/\/www.locoxelrojo.com\/independiente\/wp-json\/wp\/v2\/tags?post=115278"}],"curies":[{"name":"wp","href":"https:\/\/api.w.org\/{rel}","templated":true}]}}