{"id":115353,"date":"2023-09-29T11:44:20","date_gmt":"2023-09-29T14:44:20","guid":{"rendered":"https:\/\/www.locoxelrojo.com\/independiente\/?p=115353"},"modified":"2023-09-30T00:09:35","modified_gmt":"2023-09-30T03:09:35","slug":"grindetti-no-me-gusta-festejar-antes-de-tiempo-pero-me-tengo-mucha-fe","status":"publish","type":"post","link":"https:\/\/www.locoxelrojo.com\/independiente\/2023\/09\/29\/grindetti-no-me-gusta-festejar-antes-de-tiempo-pero-me-tengo-mucha-fe\/","title":{"rendered":"Grindetti: &#8220;No me gusta festejar antes de tiempo, pero me tengo mucha fe&#8221;"},"content":{"rendered":"<p><strong>N\u00e9stor Grindetti<\/strong>, presidente de Independiente, vaticin\u00f3 su pronostico para el Cl\u00e1sico de Avellaneda.<\/p>\n<p>En medio de su campa\u00f1a pol\u00edtica por la candidatura como Gobernador de la Provincia de Buenos Aires, el mandam\u00e1s del Rojo se refiri\u00f3 al partido frente a Racing que se jugar\u00e1 este s\u00e1bado desde las 19 en el Estadio Presidente Per\u00f3n. <strong>&#8220;Espero que ganemos, no me gusta festejar antes ni ser exitista, pero me tengo mucha fe&#8221;<\/strong>, expres\u00f3.<\/p>\n<p>Luego, en di\u00e1logo con Radio Mitre, le quiso bajar el precio a las cr\u00edticas de los hinchas: <strong>&#8220;El enojo del hincha depende mucho de si metes el gol en el \u00faltimo minuto o no. Nos ha pasado que hemos recibido muchos insultos, hicimos el gol sobre la hora y baj\u00f3 el nivel de puteadas, el f\u00fatbol es as\u00ed, somos pasionales. El que se mete en esto lo sabe, de nada sirve que Independiente est\u00e9 saneado si estamos mal en la tabla o si seguimos en zona de riesgo&#8221;<\/strong>.<\/p>\n<p>Y cerr\u00f3: <strong>&#8220;Hemos saneado al club y la pelota empez\u00f3 a entrar, queremos seguir por esa senda&#8221;<\/strong>.<\/p>\n","protected":false},"excerpt":{"rendered":"<p>N\u00e9stor Grindetti, presidente de Independiente, vaticin\u00f3 su pronostico para el Cl\u00e1sico de Avellaneda. En medio de su campa\u00f1a pol\u00edtica por la candidatura como Gobernador de la Provincia de Buenos Aires, el mandam\u00e1s del Rojo se refiri\u00f3 al partido frente a Racing que se jugar\u00e1 este s\u00e1bado desde las 19 en el Estadio Presidente Per\u00f3n. &#8220;Espero [&hellip;]<\/p>\n","protected":false},"author":1,"featured_media":112441,"comment_status":"open","ping_status":"closed","sticky":false,"template":"","format":"standard","meta":{"_links_to":"","_links_to_target":""},"categories":[3280,3247],"tags":[134,153,1455,1994],"_links":{"self":[{"href":"https:\/\/www.locoxelrojo.com\/independiente\/wp-json\/wp\/v2\/posts\/115353"}],"collection":[{"href":"https:\/\/www.locoxelrojo.com\/independiente\/wp-json\/wp\/v2\/posts"}],"about":[{"href":"https:\/\/www.locoxelrojo.com\/independiente\/wp-json\/wp\/v2\/types\/post"}],"author":[{"embeddable":true,"href":"https:\/\/www.locoxelrojo.com\/independiente\/wp-json\/wp\/v2\/users\/1"}],"replies":[{"embeddable":true,"href":"https:\/\/www.locoxelrojo.com\/independiente\/wp-json\/wp\/v2\/comments?post=115353"}],"version-history":[{"count":1,"href":"https:\/\/www.locoxelrojo.com\/independiente\/wp-json\/wp\/v2\/posts\/115353\/revisions"}],"predecessor-version":[{"id":115354,"href":"https:\/\/www.locoxelrojo.com\/independiente\/wp-json\/wp\/v2\/posts\/115353\/revisions\/115354"}],"wp:featuredmedia":[{"embeddable":true,"href":"https:\/\/www.locoxelrojo.com\/independiente\/wp-json\/wp\/v2\/media\/112441"}],"wp:attachment":[{"href":"https:\/\/www.locoxelrojo.com\/independiente\/wp-json\/wp\/v2\/media?parent=115353"}],"wp:term":[{"taxonomy":"category","embeddable":true,"href":"https:\/\/www.locoxelrojo.com\/independiente\/wp-json\/wp\/v2\/categories?post=115353"},{"taxonomy":"post_tag","embeddable":true,"href":"https:\/\/www.locoxelrojo.com\/independiente\/wp-json\/wp\/v2\/tags?post=115353"}],"curies":[{"name":"wp","href":"https:\/\/api.w.org\/{rel}","templated":true}]}}