{"id":115587,"date":"2023-10-17T21:40:42","date_gmt":"2023-10-18T00:40:42","guid":{"rendered":"https:\/\/www.locoxelrojo.com\/independiente\/?p=115587"},"modified":"2023-10-17T22:11:17","modified_gmt":"2023-10-18T01:11:17","slug":"asi-llega-el-guapo-3","status":"publish","type":"post","link":"https:\/\/www.locoxelrojo.com\/independiente\/2023\/10\/17\/asi-llega-el-guapo-3\/","title":{"rendered":"As\u00ed llega el Guapo"},"content":{"rendered":"<p><strong>Barracas Central visitar\u00e1 a Independiente este mi\u00e9rcoles a las 21 por la fecha 9 de la Copa de la Liga. El Guapo est\u00e1 teniendo un torneo irregular, pero con un triunfo puede escalar varias posiciones y acercarse a la zona de copas internacionales.<\/strong><\/p>\n<p>Los dirigidos por Sergio Rondina marchan en la <strong>11\u00ba posici\u00f3n con 10 puntos, producto de 3 victorias, un empate y 4 derrotas<\/strong> en las 8 fechas disputadas. Hasta el momento, anotaron 7 goles y recibieron 14, quedando con -7 de diferencia.<\/p>\n<p>El equipo de Olavarr\u00eda y Luna<strong> viene de ganar 2-1 como local ante Col\u00f3n<\/strong>, con goles de Alexis Dom\u00ednguez y Carlos Arce. El resultado le sirvi\u00f3 para alejarse a\u00fan m\u00e1s del fondo de la tabla.<\/p>\n<p><iframe loading=\"lazy\" title=\"\u00a1EL GUAPO SE LO DIO VUELTA AL SABALERO Y LO HUNDE EN LA TABLA ANUAL! | Barracas 2-1 Col\u00f3n | RESUMEN\" width=\"696\" height=\"392\" src=\"https:\/\/www.youtube.com\/embed\/FK77FUm68wA?feature=oembed\" frameborder=\"0\" allow=\"accelerometer; autoplay; clipboard-write; encrypted-media; gyroscope; picture-in-picture; web-share\" allowfullscreen><\/iframe><\/p>\n<p>Frente al Rojo, Barracas tratar\u00e1 de romper su mala racha en este torneo: <strong>perdi\u00f3 los 4 encuentros que disput\u00f3 de visitante<\/strong>.<\/p>\n<p>Para revertir esta situaci\u00f3n, el Huevo Rondina planea el siguiente once para visitar Avellaneda: <strong>Andr\u00e9s Des\u00e1bato; Mauro Peinipil, Francisco \u00c1lvarez, Juan Ignacio D\u00edaz, Rodrigo Ins\u00faa; Siro Rosane, Arce, Facundo Mater, Iv\u00e1n Tapia, Brian Calderara y Dom\u00ednguez<\/strong>.<\/p>\n","protected":false},"excerpt":{"rendered":"<p>Barracas Central visitar\u00e1 a Independiente este mi\u00e9rcoles a las 21 por la fecha 9 de la Copa de la Liga. El Guapo est\u00e1 teniendo un torneo irregular, pero con un triunfo puede escalar varias posiciones y acercarse a la zona de copas internacionales. Los dirigidos por Sergio Rondina marchan en la 11\u00ba posici\u00f3n con 10 [&hellip;]<\/p>\n","protected":false},"author":101034,"featured_media":115589,"comment_status":"open","ping_status":"closed","sticky":false,"template":"","format":"standard","meta":{"_links_to":"","_links_to_target":""},"categories":[1990,3247],"tags":[3142,153,3811,3275],"_links":{"self":[{"href":"https:\/\/www.locoxelrojo.com\/independiente\/wp-json\/wp\/v2\/posts\/115587"}],"collection":[{"href":"https:\/\/www.locoxelrojo.com\/independiente\/wp-json\/wp\/v2\/posts"}],"about":[{"href":"https:\/\/www.locoxelrojo.com\/independiente\/wp-json\/wp\/v2\/types\/post"}],"author":[{"embeddable":true,"href":"https:\/\/www.locoxelrojo.com\/independiente\/wp-json\/wp\/v2\/users\/101034"}],"replies":[{"embeddable":true,"href":"https:\/\/www.locoxelrojo.com\/independiente\/wp-json\/wp\/v2\/comments?post=115587"}],"version-history":[{"count":1,"href":"https:\/\/www.locoxelrojo.com\/independiente\/wp-json\/wp\/v2\/posts\/115587\/revisions"}],"predecessor-version":[{"id":115590,"href":"https:\/\/www.locoxelrojo.com\/independiente\/wp-json\/wp\/v2\/posts\/115587\/revisions\/115590"}],"wp:featuredmedia":[{"embeddable":true,"href":"https:\/\/www.locoxelrojo.com\/independiente\/wp-json\/wp\/v2\/media\/115589"}],"wp:attachment":[{"href":"https:\/\/www.locoxelrojo.com\/independiente\/wp-json\/wp\/v2\/media?parent=115587"}],"wp:term":[{"taxonomy":"category","embeddable":true,"href":"https:\/\/www.locoxelrojo.com\/independiente\/wp-json\/wp\/v2\/categories?post=115587"},{"taxonomy":"post_tag","embeddable":true,"href":"https:\/\/www.locoxelrojo.com\/independiente\/wp-json\/wp\/v2\/tags?post=115587"}],"curies":[{"name":"wp","href":"https:\/\/api.w.org\/{rel}","templated":true}]}}