{"id":115802,"date":"2023-10-29T23:59:18","date_gmt":"2023-10-30T02:59:18","guid":{"rendered":"https:\/\/www.locoxelrojo.com\/independiente\/?p=115802"},"modified":"2023-10-30T01:00:29","modified_gmt":"2023-10-30T04:00:29","slug":"merecio-un-poco-mas","status":"publish","type":"post","link":"https:\/\/www.locoxelrojo.com\/independiente\/2023\/10\/29\/merecio-un-poco-mas\/","title":{"rendered":"Mereci\u00f3 un poco m\u00e1s"},"content":{"rendered":"<p><strong>Independiente empat\u00f3 0-0 con Arsenal en la fecha 11 de la Copa de la Liga.<\/strong><\/p>\n<p>El Rojo no pudo achicar la distancia de puntos con River. Ten\u00eda la obligaci\u00f3n de ganar para dejar en el pasado la derrota con el Millonario, sin embargo, <strong>perdi\u00f3 demasiadas chances y no logr\u00f3 quebrar el cero en el marcador<\/strong>.<\/p>\n<p>Carlos Tevez opt\u00f3 por la l\u00ednea de 5, con Felipe Aguilar. El equipo mostr\u00f3 superioridad, Independiente ten\u00eda la posesi\u00f3n de la pelota, <strong>pero finalizaba mal las jugadas y no lastimaba<\/strong>. A los 14\u2019, Arsenal tuvo la \u00fanica chance concreta en el primer tiempo. Tras un error de Iv\u00e1n Marcone en el mediocampo, Juan Cejas qued\u00f3 en el \u00e1rea chica, pero defini\u00f3 mal y la pelota se fue lejos del segundo palo.<\/p>\n<p>En el complemento, el Rojo mostr\u00f3 otra faceta y gracias a los cambios, fue m\u00e1s directo al \u00e1rea rival. <strong>Los ingresos de Javier Ruiz y Braian Mart\u00ednez le dieron m\u00e1s movilidad y ayudaron a generar varias situaciones, pero le falt\u00f3 efectividad.<\/strong> Alexis Canelo y Mat\u00edas Gim\u00e9nez tuvieron el gol, sin embargo, entre Alejandro Medina y sus falencias para definir, no pudieron concretar.<\/p>\n<p><strong>Falt\u00f3 acertar al arco<\/strong> ante un rival que ya descendi\u00f3 y vino a conformarse con la igualdad. Ahora, hay que recuperarse levantar la cabeza y enfocarse en Atl\u00e9tico Tucum\u00e1n, <strong>una final m\u00e1s para conseguir el objetivo de meterse entre los cuatro primeros de la zona.<\/strong><\/p>\n","protected":false},"excerpt":{"rendered":"<p>Independiente empat\u00f3 0-0 con Arsenal en la fecha 11 de la Copa de la Liga. El Rojo no pudo achicar la distancia de puntos con River. Ten\u00eda la obligaci\u00f3n de ganar para dejar en el pasado la derrota con el Millonario, sin embargo, perdi\u00f3 demasiadas chances y no logr\u00f3 quebrar el cero en el marcador. [&hellip;]<\/p>\n","protected":false},"author":101034,"featured_media":115803,"comment_status":"open","ping_status":"closed","sticky":false,"template":"","format":"standard","meta":{"_links_to":"","_links_to_target":""},"categories":[3247,3],"tags":[543,5279,153,5276],"_links":{"self":[{"href":"https:\/\/www.locoxelrojo.com\/independiente\/wp-json\/wp\/v2\/posts\/115802"}],"collection":[{"href":"https:\/\/www.locoxelrojo.com\/independiente\/wp-json\/wp\/v2\/posts"}],"about":[{"href":"https:\/\/www.locoxelrojo.com\/independiente\/wp-json\/wp\/v2\/types\/post"}],"author":[{"embeddable":true,"href":"https:\/\/www.locoxelrojo.com\/independiente\/wp-json\/wp\/v2\/users\/101034"}],"replies":[{"embeddable":true,"href":"https:\/\/www.locoxelrojo.com\/independiente\/wp-json\/wp\/v2\/comments?post=115802"}],"version-history":[{"count":1,"href":"https:\/\/www.locoxelrojo.com\/independiente\/wp-json\/wp\/v2\/posts\/115802\/revisions"}],"predecessor-version":[{"id":115804,"href":"https:\/\/www.locoxelrojo.com\/independiente\/wp-json\/wp\/v2\/posts\/115802\/revisions\/115804"}],"wp:featuredmedia":[{"embeddable":true,"href":"https:\/\/www.locoxelrojo.com\/independiente\/wp-json\/wp\/v2\/media\/115803"}],"wp:attachment":[{"href":"https:\/\/www.locoxelrojo.com\/independiente\/wp-json\/wp\/v2\/media?parent=115802"}],"wp:term":[{"taxonomy":"category","embeddable":true,"href":"https:\/\/www.locoxelrojo.com\/independiente\/wp-json\/wp\/v2\/categories?post=115802"},{"taxonomy":"post_tag","embeddable":true,"href":"https:\/\/www.locoxelrojo.com\/independiente\/wp-json\/wp\/v2\/tags?post=115802"}],"curies":[{"name":"wp","href":"https:\/\/api.w.org\/{rel}","templated":true}]}}