{"id":115849,"date":"2023-11-01T22:15:10","date_gmt":"2023-11-02T01:15:10","guid":{"rendered":"https:\/\/www.locoxelrojo.com\/independiente\/?p=115849"},"modified":"2023-11-01T22:15:10","modified_gmt":"2023-11-02T01:15:10","slug":"se-prepara-para-viajar-a-tucuman","status":"publish","type":"post","link":"https:\/\/www.locoxelrojo.com\/independiente\/2023\/11\/01\/se-prepara-para-viajar-a-tucuman\/","title":{"rendered":"Se prepara para viajar a Tucum\u00e1n"},"content":{"rendered":"<p><strong>Independiente ya est\u00e1 con la cabeza puesta en el partido clave que disputar\u00e1 en Tucum\u00e1n.<\/strong><\/p>\n<p>Luego <a href=\"https:\/\/www.locoxelrojo.com\/independiente\/2023\/10\/29\/merecio-un-poco-mas\/\">del empate ante Arsenal<\/a>, el plantel se enfoca en el encuentro del s\u00e1bado a las 21:30 frente a Atl\u00e9tico Tucum\u00e1n por la fecha 12 de la Copa de la Liga. Carlos Tevez no par\u00f3 un equipo, por lo que es muy prematuro pensar en un once inicial. <strong>Hubo trabajos f\u00edsicos y con pelota.<\/strong><\/p>\n<p><strong>Santiago Toloza intensifica de a poco su vuelta. Realiz\u00f3 algunos ejercicios a la par del grupo, pero luego continu\u00f3 su recuperaci\u00f3n en kinesiolog\u00eda.<\/strong> Recordemos que viene de una dura lesi\u00f3n en el tobillo con un regreso fallido ante River en el Monumental. <strong>Es dif\u00edcil que sume minutos en Tucum\u00e1n, ya que a\u00fan est\u00e1 con algunas molestias.<\/strong> Por su parte, <strong>Martin Cauteruccio continua con su tratamiento por salmonella, pero sigue sin el alta m\u00e9dica para los entrenamientos.<\/strong><\/p>\n<p><strong>El plantel de Independiente viajar\u00e1 a Tucum\u00e1n este viernes por la tarde<\/strong> y se alojar\u00e1 en el Hotel Hilton, a la espera del partido.<\/p>\n<blockquote class=\"twitter-tweet\">\n<p dir=\"ltr\" lang=\"es\">Mi\u00e9rcoles con todo <\/p>\n<p>Pr\u00f3ximo destino: Tucum\u00e1n. Viaje el viernes por la tarde.<a href=\"https:\/\/twitter.com\/hashtag\/TodoRojo?src=hash&amp;ref_src=twsrc%5Etfw\">#TodoRojo<\/a>  <a href=\"https:\/\/t.co\/SzwReiOZxN\">pic.twitter.com\/SzwReiOZxN<\/a><\/p>\n<p>\u2014 C. A. Independiente (@Independiente) <a href=\"https:\/\/twitter.com\/Independiente\/status\/1719755461212189122?ref_src=twsrc%5Etfw\">November 1, 2023<\/a><\/p><\/blockquote>\n<p><script async src=\"https:\/\/platform.twitter.com\/widgets.js\" charset=\"utf-8\"><\/script><\/p>\n","protected":false},"excerpt":{"rendered":"<p>Independiente ya est\u00e1 con la cabeza puesta en el partido clave que disputar\u00e1 en Tucum\u00e1n. Luego del empate ante Arsenal, el plantel se enfoca en el encuentro del s\u00e1bado a las 21:30 frente a Atl\u00e9tico Tucum\u00e1n por la fecha 12 de la Copa de la Liga. Carlos Tevez no par\u00f3 un equipo, por lo que [&hellip;]<\/p>\n","protected":false},"author":101035,"featured_media":115850,"comment_status":"open","ping_status":"closed","sticky":false,"template":"","format":"standard","meta":{"_links_to":"","_links_to_target":""},"categories":[3247,3],"tags":[5279,26,1891,5509,172],"_links":{"self":[{"href":"https:\/\/www.locoxelrojo.com\/independiente\/wp-json\/wp\/v2\/posts\/115849"}],"collection":[{"href":"https:\/\/www.locoxelrojo.com\/independiente\/wp-json\/wp\/v2\/posts"}],"about":[{"href":"https:\/\/www.locoxelrojo.com\/independiente\/wp-json\/wp\/v2\/types\/post"}],"author":[{"embeddable":true,"href":"https:\/\/www.locoxelrojo.com\/independiente\/wp-json\/wp\/v2\/users\/101035"}],"replies":[{"embeddable":true,"href":"https:\/\/www.locoxelrojo.com\/independiente\/wp-json\/wp\/v2\/comments?post=115849"}],"version-history":[{"count":1,"href":"https:\/\/www.locoxelrojo.com\/independiente\/wp-json\/wp\/v2\/posts\/115849\/revisions"}],"predecessor-version":[{"id":115851,"href":"https:\/\/www.locoxelrojo.com\/independiente\/wp-json\/wp\/v2\/posts\/115849\/revisions\/115851"}],"wp:featuredmedia":[{"embeddable":true,"href":"https:\/\/www.locoxelrojo.com\/independiente\/wp-json\/wp\/v2\/media\/115850"}],"wp:attachment":[{"href":"https:\/\/www.locoxelrojo.com\/independiente\/wp-json\/wp\/v2\/media?parent=115849"}],"wp:term":[{"taxonomy":"category","embeddable":true,"href":"https:\/\/www.locoxelrojo.com\/independiente\/wp-json\/wp\/v2\/categories?post=115849"},{"taxonomy":"post_tag","embeddable":true,"href":"https:\/\/www.locoxelrojo.com\/independiente\/wp-json\/wp\/v2\/tags?post=115849"}],"curies":[{"name":"wp","href":"https:\/\/api.w.org\/{rel}","templated":true}]}}