{"id":11585,"date":"2011-10-02T19:09:33","date_gmt":"2011-10-02T22:09:33","guid":{"rendered":"http:\/\/www.locoxelrojo.com.ar\/independiente\/?p=11585"},"modified":"2015-09-15T23:42:04","modified_gmt":"2015-09-16T02:42:04","slug":"ramon-diaz-quiero-tener-un-equipo-super-ofensivo","status":"publish","type":"post","link":"https:\/\/www.locoxelrojo.com\/independiente\/2011\/10\/02\/ramon-diaz-quiero-tener-un-equipo-super-ofensivo\/","title":{"rendered":"Ram\u00f3n D\u00edaz: &#8220;Quiero tener un equipo s\u00faper ofensivo&#8221;"},"content":{"rendered":"<p><a href=\"http:\/\/www.locoxelrojo.com.ar\/independiente\/wp-content\/uploads\/2011\/10\/racing_independiente3.gif\"><img loading=\"lazy\" class=\"alignnone size-full wp-image-11586\" title=\"racing_independiente3\" src=\"http:\/\/www.locoxelrojo.com.ar\/independiente\/wp-content\/uploads\/2011\/10\/racing_independiente3.gif\" alt=\"\" width=\"590\" height=\"315\" srcset=\"https:\/\/locoxelrojo.com\/independiente\/wp-content\/uploads\/2011\/10\/racing_independiente3.gif 590w, https:\/\/locoxelrojo.com\/independiente\/wp-content\/uploads\/2011\/10\/racing_independiente3-300x160.gif 300w\" sizes=\"(max-width: 590px) 100vw, 590px\" \/><\/a><\/p>\n<p>Ram\u00f3n D\u00edaz dialog\u00f3 en conferencia de prensa luego del empate frente a Racing en el Cilindro y restac\u00f3 la actitud de sus dirigidos.<strong> &#8220;La gente ve\u00eda que el equipo ten\u00eda que reaccionar, arriesgamos y fuimos al ataque&#8221;, <\/strong>destac\u00f3.<\/p>\n<p>Luego, hizo hincapi\u00e9 sobre las ganas que hay por revertir la situaci\u00f3n.<strong> &#8220;Fue fundamental como est\u00e1n trabajando, quieren revertir el momento y darle satisfacciones a la gente&#8221;<\/strong>. Adem\u00e1s, explic\u00f3 qu\u00e9 es lo que quiere cambiar.&#8221;<strong>Quiero tener un equipo s\u00faper ofensivo, como lo tuvimos los primeros minutos, pero que lo aguante todo el partido<\/strong>&#8220;, asegur\u00f3<strong>.<\/strong><\/p>\n<p>De cara a lo que se viene el riojano cont\u00f3 que va a haber cambios en el encuentro por la Copa Sudamericana. &#8220;<strong>El equipo est\u00e1 adquiriendo la mentalidad que me gusta a m\u00ed. En la Copa vamos a tener que plasmar un equipo mucho m\u00e1s ofensivo que el que pusimos hoy<\/strong>&#8220;. Por \u00faltimo, el entrenador le pidi\u00f3 apoyo a la gente. <strong>&#8220;Es fundamental que sigan acompa\u00f1ando al equipo&#8221;<\/strong>, concluy\u00f3.<\/p>\n","protected":false},"excerpt":{"rendered":"<p>Ram\u00f3n D\u00edaz dialog\u00f3 en conferencia de prensa luego del empate frente a Racing en el Cilindro y restac\u00f3 la actitud de sus dirigidos. &#8220;La gente ve\u00eda que el equipo ten\u00eda que reaccionar, arriesgamos y fuimos al ataque&#8221;, destac\u00f3. Luego, hizo hincapi\u00e9 sobre las ganas que hay por revertir la situaci\u00f3n. &#8220;Fue fundamental como est\u00e1n trabajando, [&hellip;]<\/p>\n","protected":false},"author":1,"featured_media":0,"comment_status":"open","ping_status":"open","sticky":false,"template":"","format":"standard","meta":{"_links_to":"","_links_to_target":""},"categories":[3,1],"tags":[153,210,500,974],"_links":{"self":[{"href":"https:\/\/www.locoxelrojo.com\/independiente\/wp-json\/wp\/v2\/posts\/11585"}],"collection":[{"href":"https:\/\/www.locoxelrojo.com\/independiente\/wp-json\/wp\/v2\/posts"}],"about":[{"href":"https:\/\/www.locoxelrojo.com\/independiente\/wp-json\/wp\/v2\/types\/post"}],"author":[{"embeddable":true,"href":"https:\/\/www.locoxelrojo.com\/independiente\/wp-json\/wp\/v2\/users\/1"}],"replies":[{"embeddable":true,"href":"https:\/\/www.locoxelrojo.com\/independiente\/wp-json\/wp\/v2\/comments?post=11585"}],"version-history":[{"count":0,"href":"https:\/\/www.locoxelrojo.com\/independiente\/wp-json\/wp\/v2\/posts\/11585\/revisions"}],"wp:attachment":[{"href":"https:\/\/www.locoxelrojo.com\/independiente\/wp-json\/wp\/v2\/media?parent=11585"}],"wp:term":[{"taxonomy":"category","embeddable":true,"href":"https:\/\/www.locoxelrojo.com\/independiente\/wp-json\/wp\/v2\/categories?post=11585"},{"taxonomy":"post_tag","embeddable":true,"href":"https:\/\/www.locoxelrojo.com\/independiente\/wp-json\/wp\/v2\/tags?post=11585"}],"curies":[{"name":"wp","href":"https:\/\/api.w.org\/{rel}","templated":true}]}}