{"id":115853,"date":"2023-11-01T22:36:29","date_gmt":"2023-11-02T01:36:29","guid":{"rendered":"https:\/\/www.locoxelrojo.com\/independiente\/?p=115853"},"modified":"2023-11-02T00:42:50","modified_gmt":"2023-11-02T03:42:50","slug":"grave-lesion-de-velasco-en-la-mls","status":"publish","type":"post","link":"https:\/\/www.locoxelrojo.com\/independiente\/2023\/11\/01\/grave-lesion-de-velasco-en-la-mls\/","title":{"rendered":"Grave lesi\u00f3n de Velasco en la MLS"},"content":{"rendered":"<p><strong>Alan Velasco sufri\u00f3 una grave lesi\u00f3n en la MLS que lo tendr\u00e1 varios meses afuera de las canchas. Una noticia que conmociona al mundo Independiente.<\/strong><\/p>\n<p>La Joya hab\u00eda encendido las alarmas el lunes pasado, durante el partido entre Dallas y Seattle Sounders por los playoffs de la MLS. <strong>Una falta de Cristian Roldan lo oblig\u00f3 a salir a los 17 minutos de juego<\/strong> y desde ese momento creci\u00f3 la preocupaci\u00f3n.<\/p>\n<p>Este mi\u00e9rcoles, los estudios confirmaron la peor noticia: Velasco sufri\u00f3 la <strong>rotura de los ligamentos cruzados anterior y posterior de su rodilla izquierda<\/strong>. En los pr\u00f3ximos d\u00edas ser\u00e1 operado.<\/p>\n<p>La lesi\u00f3n lo matendr\u00e1 como m\u00ednimo<strong> seis meses afuera de las canchas<\/strong>, por lo que reci\u00e9n podr\u00eda volver a jugar entre abril y mayo de 2024.<\/p>\n<p>Los hinchas del Rojo le guardan un profundo cari\u00f1o a Velasco, quien<a href=\"https:\/\/www.locoxelrojo.com\/independiente\/2022\/01\/24\/independiente-vendio-a-velasco\/\"> fue vendido a Dallas por la dirigencia de Hugo Moyano en 2022 para tapar agujeros econ\u00f3micos<\/a>, pese a que \u00e9l quer\u00eda quedarse. Las redes sociales se llenaron de mensajes dese\u00e1ndole una pronta recuperaci\u00f3n.<\/p>\n<p><strong>\u00a1Fuerza, Alan!<\/strong><\/p>\n","protected":false},"excerpt":{"rendered":"<p>Alan Velasco sufri\u00f3 una grave lesi\u00f3n en la MLS que lo tendr\u00e1 varios meses afuera de las canchas. Una noticia que conmociona al mundo Independiente. La Joya hab\u00eda encendido las alarmas el lunes pasado, durante el partido entre Dallas y Seattle Sounders por los playoffs de la MLS. Una falta de Cristian Roldan lo oblig\u00f3 [&hellip;]<\/p>\n","protected":false},"author":8,"featured_media":115855,"comment_status":"open","ping_status":"closed","sticky":false,"template":"","format":"standard","meta":{"_links_to":"","_links_to_target":""},"categories":[2043,3247],"tags":[3560,5114,4788,3277],"_links":{"self":[{"href":"https:\/\/www.locoxelrojo.com\/independiente\/wp-json\/wp\/v2\/posts\/115853"}],"collection":[{"href":"https:\/\/www.locoxelrojo.com\/independiente\/wp-json\/wp\/v2\/posts"}],"about":[{"href":"https:\/\/www.locoxelrojo.com\/independiente\/wp-json\/wp\/v2\/types\/post"}],"author":[{"embeddable":true,"href":"https:\/\/www.locoxelrojo.com\/independiente\/wp-json\/wp\/v2\/users\/8"}],"replies":[{"embeddable":true,"href":"https:\/\/www.locoxelrojo.com\/independiente\/wp-json\/wp\/v2\/comments?post=115853"}],"version-history":[{"count":3,"href":"https:\/\/www.locoxelrojo.com\/independiente\/wp-json\/wp\/v2\/posts\/115853\/revisions"}],"predecessor-version":[{"id":115857,"href":"https:\/\/www.locoxelrojo.com\/independiente\/wp-json\/wp\/v2\/posts\/115853\/revisions\/115857"}],"wp:featuredmedia":[{"embeddable":true,"href":"https:\/\/www.locoxelrojo.com\/independiente\/wp-json\/wp\/v2\/media\/115855"}],"wp:attachment":[{"href":"https:\/\/www.locoxelrojo.com\/independiente\/wp-json\/wp\/v2\/media?parent=115853"}],"wp:term":[{"taxonomy":"category","embeddable":true,"href":"https:\/\/www.locoxelrojo.com\/independiente\/wp-json\/wp\/v2\/categories?post=115853"},{"taxonomy":"post_tag","embeddable":true,"href":"https:\/\/www.locoxelrojo.com\/independiente\/wp-json\/wp\/v2\/tags?post=115853"}],"curies":[{"name":"wp","href":"https:\/\/api.w.org\/{rel}","templated":true}]}}