{"id":115868,"date":"2023-11-03T18:01:24","date_gmt":"2023-11-03T21:01:24","guid":{"rendered":"https:\/\/www.locoxelrojo.com\/independiente\/?p=115868"},"modified":"2023-11-03T18:01:24","modified_gmt":"2023-11-03T21:01:24","slug":"el-mensaje-de-velasco-por-la-lesion","status":"publish","type":"post","link":"https:\/\/www.locoxelrojo.com\/independiente\/2023\/11\/03\/el-mensaje-de-velasco-por-la-lesion\/","title":{"rendered":"El mensaje de Velasco por la lesi\u00f3n"},"content":{"rendered":"<p><strong>Alan Velasco<\/strong> se pronunci\u00f3 en sus redes sociales, luego de confirmarse la grave lesi\u00f3n que sufri\u00f3.<\/p>\n<p><strong>&#8220;Muy triste por la lesi\u00f3n que recib\u00ed el lunes, pero con much\u00edsimas fuerzas para poder salir adelante y volver a hacer lo que m\u00e1s amo, que es jugar al f\u00fatbol&#8221;<\/strong>, expres\u00f3. Y cerr\u00f3: <strong>&#8220;Gracias a todos los que se tomaron un tiempo y me dejaron un mensaje&#8221;<\/strong>.<\/p>\n<p>El atacante de 21 a\u00f1os surgido en las Divisiones Inferiores de Independiente <strong>la rotura de la rotura de los ligamentos cruzados anterior y posterior de su rodilla izquierda y estar\u00e1 de baja entre 6 y 8 meses<\/strong>.<\/p>\n<p>Velasco se perder\u00e1 el Preol\u00edmpico con la Selecci\u00f3n Argentina Sub 23.<strong>\u00a1Fuerza Alan!<\/strong><\/p>\n<p><a href=\"https:\/\/locoxelrojo.com\/independiente\/wp-content\/uploads\/2023\/11\/historia-lesion-alan-velasco.jpeg\"><img loading=\"lazy\" class=\"aligncenter size-large wp-image-115869\" src=\"https:\/\/locoxelrojo.com\/independiente\/wp-content\/uploads\/2023\/11\/historia-lesion-alan-velasco-734x1024.jpeg\" alt=\"historia-lesion-alan-velasco\" width=\"696\" height=\"971\" srcset=\"https:\/\/locoxelrojo.com\/independiente\/wp-content\/uploads\/2023\/11\/historia-lesion-alan-velasco-734x1024.jpeg 734w, https:\/\/locoxelrojo.com\/independiente\/wp-content\/uploads\/2023\/11\/historia-lesion-alan-velasco-215x300.jpeg 215w, https:\/\/locoxelrojo.com\/independiente\/wp-content\/uploads\/2023\/11\/historia-lesion-alan-velasco-768x1072.jpeg 768w, https:\/\/locoxelrojo.com\/independiente\/wp-content\/uploads\/2023\/11\/historia-lesion-alan-velasco-696x971.jpeg 696w, https:\/\/locoxelrojo.com\/independiente\/wp-content\/uploads\/2023\/11\/historia-lesion-alan-velasco-301x420.jpeg 301w, https:\/\/locoxelrojo.com\/independiente\/wp-content\/uploads\/2023\/11\/historia-lesion-alan-velasco.jpeg 910w\" sizes=\"(max-width: 696px) 100vw, 696px\" \/><\/a><\/p>\n","protected":false},"excerpt":{"rendered":"<p>Alan Velasco se pronunci\u00f3 en sus redes sociales, luego de confirmarse la grave lesi\u00f3n que sufri\u00f3. &#8220;Muy triste por la lesi\u00f3n que recib\u00ed el lunes, pero con much\u00edsimas fuerzas para poder salir adelante y volver a hacer lo que m\u00e1s amo, que es jugar al f\u00fatbol&#8221;, expres\u00f3. Y cerr\u00f3: &#8220;Gracias a todos los que se [&hellip;]<\/p>\n","protected":false},"author":101034,"featured_media":115870,"comment_status":"open","ping_status":"closed","sticky":false,"template":"","format":"standard","meta":{"_links_to":"","_links_to_target":""},"categories":[3247,3363],"tags":[3560,3716],"_links":{"self":[{"href":"https:\/\/www.locoxelrojo.com\/independiente\/wp-json\/wp\/v2\/posts\/115868"}],"collection":[{"href":"https:\/\/www.locoxelrojo.com\/independiente\/wp-json\/wp\/v2\/posts"}],"about":[{"href":"https:\/\/www.locoxelrojo.com\/independiente\/wp-json\/wp\/v2\/types\/post"}],"author":[{"embeddable":true,"href":"https:\/\/www.locoxelrojo.com\/independiente\/wp-json\/wp\/v2\/users\/101034"}],"replies":[{"embeddable":true,"href":"https:\/\/www.locoxelrojo.com\/independiente\/wp-json\/wp\/v2\/comments?post=115868"}],"version-history":[{"count":1,"href":"https:\/\/www.locoxelrojo.com\/independiente\/wp-json\/wp\/v2\/posts\/115868\/revisions"}],"predecessor-version":[{"id":115871,"href":"https:\/\/www.locoxelrojo.com\/independiente\/wp-json\/wp\/v2\/posts\/115868\/revisions\/115871"}],"wp:featuredmedia":[{"embeddable":true,"href":"https:\/\/www.locoxelrojo.com\/independiente\/wp-json\/wp\/v2\/media\/115870"}],"wp:attachment":[{"href":"https:\/\/www.locoxelrojo.com\/independiente\/wp-json\/wp\/v2\/media?parent=115868"}],"wp:term":[{"taxonomy":"category","embeddable":true,"href":"https:\/\/www.locoxelrojo.com\/independiente\/wp-json\/wp\/v2\/categories?post=115868"},{"taxonomy":"post_tag","embeddable":true,"href":"https:\/\/www.locoxelrojo.com\/independiente\/wp-json\/wp\/v2\/tags?post=115868"}],"curies":[{"name":"wp","href":"https:\/\/api.w.org\/{rel}","templated":true}]}}