{"id":116132,"date":"2023-11-17T14:25:58","date_gmt":"2023-11-17T17:25:58","guid":{"rendered":"https:\/\/www.locoxelrojo.com\/independiente\/?p=116132"},"modified":"2023-11-17T23:33:38","modified_gmt":"2023-11-18T02:33:38","slug":"dia-horario-y-estadio-para-la-semifinal-de-reserva","status":"publish","type":"post","link":"https:\/\/www.locoxelrojo.com\/independiente\/2023\/11\/17\/dia-horario-y-estadio-para-la-semifinal-de-reserva\/","title":{"rendered":"D\u00eda, horario y estadio para la semifinal de Reserva"},"content":{"rendered":"<p><strong>La Reserva de Independiente ya tiene d\u00eda, horario y estadio confirmados para jugar las semifinales de la Copa Proyecci\u00f3n.<\/strong><\/p>\n<p>Luego del <a href=\"https:\/\/www.locoxelrojo.com\/independiente\/2023\/11\/15\/los-pibes-a-la-semifinal\/\">triunfazo ante Boca en cuartos de final<\/a>, el equipo de Pedro Monz\u00f3n se meti\u00f3 entre los cuatro mejores y ahora <strong>deber\u00e1 enfrentar a San Lorenzo<\/strong> en busca de un lugar en la final por el t\u00edtulo.<\/p>\n<p>El Rojo y el Cicl\u00f3n se ver\u00e1n las caras el<strong> viernes 24 de noviembre a las 20:00 en el estadio Juan Carmelo Zerillo de Gimnasia La Plata<\/strong>. En los pr\u00f3ximos d\u00edas se conocer\u00e1 la informaci\u00f3n sobre las entradas.<\/p>\n<p>Si Independiente pasa a la final, jugar\u00e1 por el t\u00edtulo <strong>contra el ganador de Belgrano-Tigre<\/strong> (se enfrentan el mi\u00e9rcoles 22 de noviembre a las 19).<\/p>\n<blockquote class=\"twitter-tweet\">\n<p dir=\"ltr\" lang=\"es\">\u203c\ufe0f Cambio de sede: el partido se disputar\u00e1 en el estadio Juan Carmelo Zerillo de La Plata en el mismo d\u00eda y horario. <a href=\"https:\/\/t.co\/uvWlICa0w3\">https:\/\/t.co\/uvWlICa0w3<\/a><\/p>\n<p>\u2014 C. A. Independiente (@Independiente) <a href=\"https:\/\/twitter.com\/Independiente\/status\/1725673835947528673?ref_src=twsrc%5Etfw\">November 18, 2023<\/a><\/p><\/blockquote>\n<p><script async src=\"https:\/\/platform.twitter.com\/widgets.js\" charset=\"utf-8\"><\/script><\/p>\n","protected":false},"excerpt":{"rendered":"<p>La Reserva de Independiente ya tiene d\u00eda, horario y estadio confirmados para jugar las semifinales de la Copa Proyecci\u00f3n. Luego del triunfazo ante Boca en cuartos de final, el equipo de Pedro Monz\u00f3n se meti\u00f3 entre los cuatro mejores y ahora deber\u00e1 enfrentar a San Lorenzo en busca de un lugar en la final por [&hellip;]<\/p>\n","protected":false},"author":8,"featured_media":116134,"comment_status":"open","ping_status":"closed","sticky":false,"template":"","format":"standard","meta":{"_links_to":"","_links_to_target":""},"categories":[3247,141],"tags":[5502,231,382],"_links":{"self":[{"href":"https:\/\/www.locoxelrojo.com\/independiente\/wp-json\/wp\/v2\/posts\/116132"}],"collection":[{"href":"https:\/\/www.locoxelrojo.com\/independiente\/wp-json\/wp\/v2\/posts"}],"about":[{"href":"https:\/\/www.locoxelrojo.com\/independiente\/wp-json\/wp\/v2\/types\/post"}],"author":[{"embeddable":true,"href":"https:\/\/www.locoxelrojo.com\/independiente\/wp-json\/wp\/v2\/users\/8"}],"replies":[{"embeddable":true,"href":"https:\/\/www.locoxelrojo.com\/independiente\/wp-json\/wp\/v2\/comments?post=116132"}],"version-history":[{"count":4,"href":"https:\/\/www.locoxelrojo.com\/independiente\/wp-json\/wp\/v2\/posts\/116132\/revisions"}],"predecessor-version":[{"id":116137,"href":"https:\/\/www.locoxelrojo.com\/independiente\/wp-json\/wp\/v2\/posts\/116132\/revisions\/116137"}],"wp:featuredmedia":[{"embeddable":true,"href":"https:\/\/www.locoxelrojo.com\/independiente\/wp-json\/wp\/v2\/media\/116134"}],"wp:attachment":[{"href":"https:\/\/www.locoxelrojo.com\/independiente\/wp-json\/wp\/v2\/media?parent=116132"}],"wp:term":[{"taxonomy":"category","embeddable":true,"href":"https:\/\/www.locoxelrojo.com\/independiente\/wp-json\/wp\/v2\/categories?post=116132"},{"taxonomy":"post_tag","embeddable":true,"href":"https:\/\/www.locoxelrojo.com\/independiente\/wp-json\/wp\/v2\/tags?post=116132"}],"curies":[{"name":"wp","href":"https:\/\/api.w.org\/{rel}","templated":true}]}}