{"id":116149,"date":"2023-11-20T18:16:45","date_gmt":"2023-11-20T21:16:45","guid":{"rendered":"https:\/\/www.locoxelrojo.com\/independiente\/?p=116149"},"modified":"2023-11-20T18:16:45","modified_gmt":"2023-11-20T21:16:45","slug":"saludo-presidencial-afecta-en-algo-el-futuro-de-nestor-grindetti","status":"publish","type":"post","link":"https:\/\/www.locoxelrojo.com\/independiente\/2023\/11\/20\/saludo-presidencial-afecta-en-algo-el-futuro-de-nestor-grindetti\/","title":{"rendered":"Saludo presidencial: \u00bfafecta en algo el futuro de N\u00e9stor Grindetti?"},"content":{"rendered":"<p>Argentina tiene nuevo presidente, <strong>Javier Milei fue electo y gan\u00f3 con el 55,69% de los votos en todo el pa\u00eds. En sus redes sociales personales, N\u00e9stor Grindetti lo felicit\u00f3: \u00bfAfecta en algo su futuro en Independiente?<\/strong><\/p>\n<p><a href=\"https:\/\/www.locoxelrojo.com\/independiente\/2023\/11\/13\/grindetti-seguramente-tenga-un-cargo-en-la-ciudad-de-buenos-aires\/\">Grindetti va a seguir ligado a la pol\u00edtica<\/a>, as\u00ed lo dej\u00f3 en claro d\u00edas atr\u00e1s: <strong>&#8220;Seguramente pueda tener un cargo ejecutivo en la Ciudad de Buenos Aires. Eso no es incompatible con la gesti\u00f3n en Independiente. De algo tengo que trabajar, no tengo la vida salvada econ\u00f3micamente&#8221;<\/strong>. Dicha funci\u00f3n ser\u00eda como <strong>Director del Banco Ciudad<\/strong>.<\/p>\n<p>Sin embargo, estas palabras fueron antes de las segunda vuelta de las elecciones generales. <strong>Su espacio fue clave para el triunfo de Milei<\/strong> y varios de sus jefes pol\u00edticos estuvieron presente en los festejos (Mauricio Macri, Patricia Bullrich y Cristian Ritondo). Por eso, <strong>aprovech\u00f3 para felicitar al nuevo mandam\u00e1s del pa\u00eds<\/strong>:<\/p>\n<blockquote class=\"twitter-tweet\">\n<p dir=\"ltr\" lang=\"es\">Quiero felicitar a <a href=\"https:\/\/twitter.com\/JMilei?ref_src=twsrc%5Etfw\">@JMilei<\/a> y <a href=\"https:\/\/twitter.com\/VickyVillarruel?ref_src=twsrc%5Etfw\">@VickyVillarruel<\/a> por el triunfo en estas elecciones. No hay duda que nuestro pa\u00eds necesita un cambio.<\/p>\n<p>Aprovecho para agradecer a todos los fiscales del PRO que estuvieron hoy en cada mesa de la Provincia de Buenos Aires.<\/p>\n<p>\u2014 N\u00e9stor Grindetti (@Nestorgrindetti) <a href=\"https:\/\/twitter.com\/Nestorgrindetti\/status\/1726379459844952175?ref_src=twsrc%5Etfw\">November 19, 2023<\/a><\/p><\/blockquote>\n<p><script async src=\"https:\/\/platform.twitter.com\/widgets.js\" charset=\"utf-8\"><\/script><\/p>\n<p>\u00bfSeguir\u00e1 con la idea de trabajar para Jorge Macri en la Ciudad de Buenos Aires o lo tendr\u00e1n en cuenta para alg\u00fan otro cargo que haya que cubrir a nivel nacional? <strong>Desde su c\u00edrculo cercano afirman que nada cambiar\u00e1.<\/strong><\/p>\n<p>Mientras tanto, no hay nombramiento alguno y <strong>se mantiene activo en Independiente, retomando sus funciones y reuni\u00e9ndose con las diferentes subcomisiones del club<\/strong>.<\/p>\n","protected":false},"excerpt":{"rendered":"<p>Argentina tiene nuevo presidente, Javier Milei fue electo y gan\u00f3 con el 55,69% de los votos en todo el pa\u00eds. En sus redes sociales personales, N\u00e9stor Grindetti lo felicit\u00f3: \u00bfAfecta en algo su futuro en Independiente? Grindetti va a seguir ligado a la pol\u00edtica, as\u00ed lo dej\u00f3 en claro d\u00edas atr\u00e1s: &#8220;Seguramente pueda tener un [&hellip;]<\/p>\n","protected":false},"author":1,"featured_media":116150,"comment_status":"open","ping_status":"closed","sticky":false,"template":"","format":"standard","meta":{"_links_to":"","_links_to_target":""},"categories":[3247,3363],"tags":[153,1455],"_links":{"self":[{"href":"https:\/\/www.locoxelrojo.com\/independiente\/wp-json\/wp\/v2\/posts\/116149"}],"collection":[{"href":"https:\/\/www.locoxelrojo.com\/independiente\/wp-json\/wp\/v2\/posts"}],"about":[{"href":"https:\/\/www.locoxelrojo.com\/independiente\/wp-json\/wp\/v2\/types\/post"}],"author":[{"embeddable":true,"href":"https:\/\/www.locoxelrojo.com\/independiente\/wp-json\/wp\/v2\/users\/1"}],"replies":[{"embeddable":true,"href":"https:\/\/www.locoxelrojo.com\/independiente\/wp-json\/wp\/v2\/comments?post=116149"}],"version-history":[{"count":1,"href":"https:\/\/www.locoxelrojo.com\/independiente\/wp-json\/wp\/v2\/posts\/116149\/revisions"}],"predecessor-version":[{"id":116151,"href":"https:\/\/www.locoxelrojo.com\/independiente\/wp-json\/wp\/v2\/posts\/116149\/revisions\/116151"}],"wp:featuredmedia":[{"embeddable":true,"href":"https:\/\/www.locoxelrojo.com\/independiente\/wp-json\/wp\/v2\/media\/116150"}],"wp:attachment":[{"href":"https:\/\/www.locoxelrojo.com\/independiente\/wp-json\/wp\/v2\/media?parent=116149"}],"wp:term":[{"taxonomy":"category","embeddable":true,"href":"https:\/\/www.locoxelrojo.com\/independiente\/wp-json\/wp\/v2\/categories?post=116149"},{"taxonomy":"post_tag","embeddable":true,"href":"https:\/\/www.locoxelrojo.com\/independiente\/wp-json\/wp\/v2\/tags?post=116149"}],"curies":[{"name":"wp","href":"https:\/\/api.w.org\/{rel}","templated":true}]}}