{"id":116158,"date":"2023-11-21T17:38:59","date_gmt":"2023-11-21T20:38:59","guid":{"rendered":"https:\/\/www.locoxelrojo.com\/independiente\/?p=116158"},"modified":"2023-11-21T17:38:59","modified_gmt":"2023-11-21T20:38:59","slug":"mancuello-a-la-par","status":"publish","type":"post","link":"https:\/\/www.locoxelrojo.com\/independiente\/2023\/11\/21\/mancuello-a-la-par\/","title":{"rendered":"Mancuello a la par"},"content":{"rendered":"<p><strong>Federico Mancuello<\/strong> fue la buena noticia de la semana para Carlos Tevez.<\/p>\n<p>Comenz\u00f3 la semana de trabajos en el predio de Villa Dom\u00ednico. <strong>Mancuello se recuper\u00f3 de la distensi\u00f3n en el isquiotibial de la pierna izquierda que sufri\u00f3 ante Banfield y volvi\u00f3 a entrenarse a la par del grupo.<\/strong><\/p>\n<p>A pesar de ya estar bajo las \u00f3rdenes de Tevez, <strong>la presencia como titular de Mancu en el partido frente a Talleres no est\u00e1 definida<\/strong>. En las pr\u00f3ximas d\u00edas, el Apache definir\u00e1 si sale de arranque o esperar\u00e1 en el banco.<\/p>\n<p>El parate le vino bien al volante de 34 a\u00f1os para recuperarse de su lesi\u00f3n y conseguir el alta m\u00e9dica. Desde su llegada, a mediados de 2023, <strong>jug\u00f3 13 partidos (todos de titular), no anot\u00f3 goles y dio 1 asistencia<\/strong>.<\/p>\n","protected":false},"excerpt":{"rendered":"<p>Federico Mancuello fue la buena noticia de la semana para Carlos Tevez. Comenz\u00f3 la semana de trabajos en el predio de Villa Dom\u00ednico. Mancuello se recuper\u00f3 de la distensi\u00f3n en el isquiotibial de la pierna izquierda que sufri\u00f3 ante Banfield y volvi\u00f3 a entrenarse a la par del grupo. A pesar de ya estar bajo [&hellip;]<\/p>\n","protected":false},"author":101034,"featured_media":115958,"comment_status":"open","ping_status":"closed","sticky":false,"template":"","format":"standard","meta":{"_links_to":"","_links_to_target":""},"categories":[3247,3],"tags":[26,48],"_links":{"self":[{"href":"https:\/\/www.locoxelrojo.com\/independiente\/wp-json\/wp\/v2\/posts\/116158"}],"collection":[{"href":"https:\/\/www.locoxelrojo.com\/independiente\/wp-json\/wp\/v2\/posts"}],"about":[{"href":"https:\/\/www.locoxelrojo.com\/independiente\/wp-json\/wp\/v2\/types\/post"}],"author":[{"embeddable":true,"href":"https:\/\/www.locoxelrojo.com\/independiente\/wp-json\/wp\/v2\/users\/101034"}],"replies":[{"embeddable":true,"href":"https:\/\/www.locoxelrojo.com\/independiente\/wp-json\/wp\/v2\/comments?post=116158"}],"version-history":[{"count":1,"href":"https:\/\/www.locoxelrojo.com\/independiente\/wp-json\/wp\/v2\/posts\/116158\/revisions"}],"predecessor-version":[{"id":116159,"href":"https:\/\/www.locoxelrojo.com\/independiente\/wp-json\/wp\/v2\/posts\/116158\/revisions\/116159"}],"wp:featuredmedia":[{"embeddable":true,"href":"https:\/\/www.locoxelrojo.com\/independiente\/wp-json\/wp\/v2\/media\/115958"}],"wp:attachment":[{"href":"https:\/\/www.locoxelrojo.com\/independiente\/wp-json\/wp\/v2\/media?parent=116158"}],"wp:term":[{"taxonomy":"category","embeddable":true,"href":"https:\/\/www.locoxelrojo.com\/independiente\/wp-json\/wp\/v2\/categories?post=116158"},{"taxonomy":"post_tag","embeddable":true,"href":"https:\/\/www.locoxelrojo.com\/independiente\/wp-json\/wp\/v2\/tags?post=116158"}],"curies":[{"name":"wp","href":"https:\/\/api.w.org\/{rel}","templated":true}]}}