{"id":116197,"date":"2023-11-23T17:59:04","date_gmt":"2023-11-23T20:59:04","guid":{"rendered":"https:\/\/www.locoxelrojo.com\/independiente\/?p=116197"},"modified":"2023-11-23T17:59:04","modified_gmt":"2023-11-23T20:59:04","slug":"isla-se-desgarro-y-no-juega","status":"publish","type":"post","link":"https:\/\/www.locoxelrojo.com\/independiente\/2023\/11\/23\/isla-se-desgarro-y-no-juega\/","title":{"rendered":"Isla se desgarr\u00f3 y no juega"},"content":{"rendered":"<p><strong>Mauricio Isla y qued\u00f3 descartado para el encuentro que se jugar\u00e1 en C\u00f3rdoba.<\/strong><\/p>\n<p>A d\u00edas del partido entre Independiente y Talleres, por la fecha 14 de la Copa de la Liga, <strong>Carlos Tevez recibi\u00f3 una mala noticia.<\/strong><\/p>\n<p>Se confirm\u00f3 que el chileno <strong>sufri\u00f3 un desgarro en el isquiotibial derecho<\/strong>. Por eso, se perder\u00e1 el duelo ante la T del pr\u00f3ximo domingo, donde el Rojo buscar\u00e1 la clasificaci\u00f3n a la siguiente fase. <strong>En caso de avanzar de ronda, el Huaso no podr\u00e1 ser considerado por Tevez ya que los tiempos que demanda la lesi\u00f3n son de aproximadamente 21 d\u00edas. <\/strong><\/p>\n<p>Ahora, el entrenador deber\u00e1 decidir qui\u00e9n ser\u00e1 el reemplazante de Isla. Entre las opciones aparecen: <strong>Julio Buffarini, Patricio Ostachuk, mover a Javier B\u00e1ez a la banda, Baltasar Barcia o recurrir al juvenil Santiago Salle.<\/strong><\/p>\n","protected":false},"excerpt":{"rendered":"<p>Mauricio Isla y qued\u00f3 descartado para el encuentro que se jugar\u00e1 en C\u00f3rdoba. A d\u00edas del partido entre Independiente y Talleres, por la fecha 14 de la Copa de la Liga, Carlos Tevez recibi\u00f3 una mala noticia. Se confirm\u00f3 que el chileno sufri\u00f3 un desgarro en el isquiotibial derecho. Por eso, se perder\u00e1 el duelo [&hellip;]<\/p>\n","protected":false},"author":101024,"featured_media":116198,"comment_status":"open","ping_status":"closed","sticky":false,"template":"","format":"standard","meta":{"_links_to":"","_links_to_target":""},"categories":[3247,3],"tags":[5279,153,5474],"_links":{"self":[{"href":"https:\/\/www.locoxelrojo.com\/independiente\/wp-json\/wp\/v2\/posts\/116197"}],"collection":[{"href":"https:\/\/www.locoxelrojo.com\/independiente\/wp-json\/wp\/v2\/posts"}],"about":[{"href":"https:\/\/www.locoxelrojo.com\/independiente\/wp-json\/wp\/v2\/types\/post"}],"author":[{"embeddable":true,"href":"https:\/\/www.locoxelrojo.com\/independiente\/wp-json\/wp\/v2\/users\/101024"}],"replies":[{"embeddable":true,"href":"https:\/\/www.locoxelrojo.com\/independiente\/wp-json\/wp\/v2\/comments?post=116197"}],"version-history":[{"count":1,"href":"https:\/\/www.locoxelrojo.com\/independiente\/wp-json\/wp\/v2\/posts\/116197\/revisions"}],"predecessor-version":[{"id":116199,"href":"https:\/\/www.locoxelrojo.com\/independiente\/wp-json\/wp\/v2\/posts\/116197\/revisions\/116199"}],"wp:featuredmedia":[{"embeddable":true,"href":"https:\/\/www.locoxelrojo.com\/independiente\/wp-json\/wp\/v2\/media\/116198"}],"wp:attachment":[{"href":"https:\/\/www.locoxelrojo.com\/independiente\/wp-json\/wp\/v2\/media?parent=116197"}],"wp:term":[{"taxonomy":"category","embeddable":true,"href":"https:\/\/www.locoxelrojo.com\/independiente\/wp-json\/wp\/v2\/categories?post=116197"},{"taxonomy":"post_tag","embeddable":true,"href":"https:\/\/www.locoxelrojo.com\/independiente\/wp-json\/wp\/v2\/tags?post=116197"}],"curies":[{"name":"wp","href":"https:\/\/api.w.org\/{rel}","templated":true}]}}