{"id":116206,"date":"2023-11-23T22:17:06","date_gmt":"2023-11-24T01:17:06","guid":{"rendered":"https:\/\/www.locoxelrojo.com\/independiente\/?p=116206"},"modified":"2023-11-23T22:17:06","modified_gmt":"2023-11-24T01:17:06","slug":"doble-funcion-grindetti-sera-jefe-de-gabinete-en-caba","status":"publish","type":"post","link":"https:\/\/www.locoxelrojo.com\/independiente\/2023\/11\/23\/doble-funcion-grindetti-sera-jefe-de-gabinete-en-caba\/","title":{"rendered":"Doble funci\u00f3n: Grindetti ser\u00e1 Jefe de Gabinete en CABA"},"content":{"rendered":"<p><strong>N\u00e9stor Grindetti, presidente de Independiente, fue designado como nuevo jefe de gabinete de la Ciudad de Buenos Aires. <\/strong><\/p>\n<p>Jorge Macri, jefe de gobierno electo de la Ciudad de Buenos Aires, anunci\u00f3 que el mandam\u00e1s del Rojo tendr\u00e1 un cargo p\u00fablico a partir del 7 de diciembre. Desde esa fecha, <strong>compartir\u00e1 ambos cargos ya que no tiene pensando renunciar al puesto que tiene en el Rey de Copas.<\/strong> Estar\u00e1 secundado por Gabriel Sanch\u00e9z Zinny como vicejefe<\/p>\n<p><strong>&#8220;Gracias por pensar en m\u00ed para llevar adelante esta responsabilidad en el gobierno de la ciudad, vamos a trabajar juntos en este proceso de cambios que inici\u00f3 Mauricio hace 16 a\u00f1os y que ha logrado que nuestra ciudad sea una de las m\u00e1s importantes de Latinoam\u00e9rica&#8221;<\/strong>, escribi\u00f3 Grindetti en sus redes sociales.<\/p>\n<blockquote class=\"twitter-tweet\">\n<p dir=\"ltr\" lang=\"es\">Gracias <a href=\"https:\/\/twitter.com\/gzinny?ref_src=twsrc%5Etfw\">@gzinny<\/a> por sumarte a este equipo, estoy seguro que vamos a ser una gran dupla de trabajo<\/p>\n<p>\u2014 N\u00e9stor Grindetti (@Nestorgrindetti) <a href=\"https:\/\/twitter.com\/Nestorgrindetti\/status\/1727786803799703982?ref_src=twsrc%5Etfw\">November 23, 2023<\/a><\/p><\/blockquote>\n<p><script async src=\"https:\/\/platform.twitter.com\/widgets.js\" charset=\"utf-8\"><\/script><\/p>\n","protected":false},"excerpt":{"rendered":"<p>N\u00e9stor Grindetti, presidente de Independiente, fue designado como nuevo jefe de gabinete de la Ciudad de Buenos Aires. Jorge Macri, jefe de gobierno electo de la Ciudad de Buenos Aires, anunci\u00f3 que el mandam\u00e1s del Rojo tendr\u00e1 un cargo p\u00fablico a partir del 7 de diciembre. Desde esa fecha, compartir\u00e1 ambos cargos ya que no [&hellip;]<\/p>\n","protected":false},"author":101024,"featured_media":116207,"comment_status":"open","ping_status":"closed","sticky":false,"template":"","format":"standard","meta":{"_links_to":"","_links_to_target":""},"categories":[3280,3247],"tags":[153,1455],"_links":{"self":[{"href":"https:\/\/www.locoxelrojo.com\/independiente\/wp-json\/wp\/v2\/posts\/116206"}],"collection":[{"href":"https:\/\/www.locoxelrojo.com\/independiente\/wp-json\/wp\/v2\/posts"}],"about":[{"href":"https:\/\/www.locoxelrojo.com\/independiente\/wp-json\/wp\/v2\/types\/post"}],"author":[{"embeddable":true,"href":"https:\/\/www.locoxelrojo.com\/independiente\/wp-json\/wp\/v2\/users\/101024"}],"replies":[{"embeddable":true,"href":"https:\/\/www.locoxelrojo.com\/independiente\/wp-json\/wp\/v2\/comments?post=116206"}],"version-history":[{"count":1,"href":"https:\/\/www.locoxelrojo.com\/independiente\/wp-json\/wp\/v2\/posts\/116206\/revisions"}],"predecessor-version":[{"id":116208,"href":"https:\/\/www.locoxelrojo.com\/independiente\/wp-json\/wp\/v2\/posts\/116206\/revisions\/116208"}],"wp:featuredmedia":[{"embeddable":true,"href":"https:\/\/www.locoxelrojo.com\/independiente\/wp-json\/wp\/v2\/media\/116207"}],"wp:attachment":[{"href":"https:\/\/www.locoxelrojo.com\/independiente\/wp-json\/wp\/v2\/media?parent=116206"}],"wp:term":[{"taxonomy":"category","embeddable":true,"href":"https:\/\/www.locoxelrojo.com\/independiente\/wp-json\/wp\/v2\/categories?post=116206"},{"taxonomy":"post_tag","embeddable":true,"href":"https:\/\/www.locoxelrojo.com\/independiente\/wp-json\/wp\/v2\/tags?post=116206"}],"curies":[{"name":"wp","href":"https:\/\/api.w.org\/{rel}","templated":true}]}}