{"id":116211,"date":"2023-11-24T14:10:57","date_gmt":"2023-11-24T17:10:57","guid":{"rendered":"https:\/\/www.locoxelrojo.com\/independiente\/?p=116211"},"modified":"2023-11-24T14:10:57","modified_gmt":"2023-11-24T17:10:57","slug":"argentina-sub-17-goleo-a-brasil-y-esta-en-semifinales","status":"publish","type":"post","link":"https:\/\/www.locoxelrojo.com\/independiente\/2023\/11\/24\/argentina-sub-17-goleo-a-brasil-y-esta-en-semifinales\/","title":{"rendered":"Argentina Sub 17 gole\u00f3 a Brasil y est\u00e1 en semifinales"},"content":{"rendered":"<p><strong>La Selecci\u00f3n Argentina Sub 17 gole\u00f3 3-0 a Brasil y avanz\u00f3 a la semifinal del Mundial Sub 17 de Indonesia<\/strong>, donde deber\u00e1 enfrentarse a Alemania. <strong>Santiago L\u00f3pez fue titular.<\/strong><\/p>\n<p>El conjunto de Diego Placente form\u00f3 con: <strong>Jerem\u00edas Florent\u00edn; Dylan Gorosito, Tob\u00edas Palacios, Ulises Gim\u00e9nez, Octavio Ontivero; Mariano Gerez, Valentino Acu\u00f1a; Ian Subiabre, Claudio Echeverri, L\u00f3pez; Agust\u00edn Ruberto.<\/strong><\/p>\n<p><strong>Gran actuaci\u00f3n del Diablito Echeverri, que le dio el triunfo a la Albiceleste con un hat-trick<\/strong>. El atacante de River abri\u00f3 el marcador a los 28\u2019 con un remate desde afuera del \u00e1rea, que roz\u00f3 en un jugador brasile\u00f1o. Con el resultado a favor 1-0, la Selecci\u00f3n se fue al entretiempo.<\/p>\n<p>En el complemento, Echeverri a los 58\u2019 estir\u00f3 la ventaja con un fuerte remate rasante. 12 minutos m\u00e1s tarde, cerr\u00f3 la goleada 3-0, esquivando al arquero y definiendo solo bajo los tres palos.<\/p>\n<p>Con este triunfo, los pibes est\u00e1n entre los cuatro mejores del torneo. <strong>Por la semifinal, jugar\u00e1n ante Alemania<\/strong>, quien viene de ganar 1-0 ante Espa\u00f1a, el pr\u00f3ximo martes 28 de noviembre, en busca de llegar a la final. <strong>Lamentablemente, a pesar de haber jugado un muy buen partido, L\u00f3pez se lo perder\u00e1 por acumulaci\u00f3n de tarjetas amarillas. <\/strong><\/p>\n","protected":false},"excerpt":{"rendered":"<p>La Selecci\u00f3n Argentina Sub 17 gole\u00f3 3-0 a Brasil y avanz\u00f3 a la semifinal del Mundial Sub 17 de Indonesia, donde deber\u00e1 enfrentarse a Alemania. Santiago L\u00f3pez fue titular. El conjunto de Diego Placente form\u00f3 con: Jerem\u00edas Florent\u00edn; Dylan Gorosito, Tob\u00edas Palacios, Ulises Gim\u00e9nez, Octavio Ontivero; Mariano Gerez, Valentino Acu\u00f1a; Ian Subiabre, Claudio Echeverri, L\u00f3pez; [&hellip;]<\/p>\n","protected":false},"author":101034,"featured_media":116212,"comment_status":"open","ping_status":"closed","sticky":false,"template":"","format":"standard","meta":{"_links_to":"","_links_to_target":""},"categories":[3247,3281],"tags":[5543,3784,5529,5162,227],"_links":{"self":[{"href":"https:\/\/www.locoxelrojo.com\/independiente\/wp-json\/wp\/v2\/posts\/116211"}],"collection":[{"href":"https:\/\/www.locoxelrojo.com\/independiente\/wp-json\/wp\/v2\/posts"}],"about":[{"href":"https:\/\/www.locoxelrojo.com\/independiente\/wp-json\/wp\/v2\/types\/post"}],"author":[{"embeddable":true,"href":"https:\/\/www.locoxelrojo.com\/independiente\/wp-json\/wp\/v2\/users\/101034"}],"replies":[{"embeddable":true,"href":"https:\/\/www.locoxelrojo.com\/independiente\/wp-json\/wp\/v2\/comments?post=116211"}],"version-history":[{"count":1,"href":"https:\/\/www.locoxelrojo.com\/independiente\/wp-json\/wp\/v2\/posts\/116211\/revisions"}],"predecessor-version":[{"id":116213,"href":"https:\/\/www.locoxelrojo.com\/independiente\/wp-json\/wp\/v2\/posts\/116211\/revisions\/116213"}],"wp:featuredmedia":[{"embeddable":true,"href":"https:\/\/www.locoxelrojo.com\/independiente\/wp-json\/wp\/v2\/media\/116212"}],"wp:attachment":[{"href":"https:\/\/www.locoxelrojo.com\/independiente\/wp-json\/wp\/v2\/media?parent=116211"}],"wp:term":[{"taxonomy":"category","embeddable":true,"href":"https:\/\/www.locoxelrojo.com\/independiente\/wp-json\/wp\/v2\/categories?post=116211"},{"taxonomy":"post_tag","embeddable":true,"href":"https:\/\/www.locoxelrojo.com\/independiente\/wp-json\/wp\/v2\/tags?post=116211"}],"curies":[{"name":"wp","href":"https:\/\/api.w.org\/{rel}","templated":true}]}}