{"id":116281,"date":"2023-11-27T19:16:35","date_gmt":"2023-11-27T22:16:35","guid":{"rendered":"https:\/\/www.locoxelrojo.com\/independiente\/?p=116281"},"modified":"2023-11-27T22:26:39","modified_gmt":"2023-11-28T01:26:39","slug":"un-fiel-reflejo","status":"publish","type":"post","link":"https:\/\/www.locoxelrojo.com\/independiente\/2023\/11\/27\/un-fiel-reflejo\/","title":{"rendered":"Un fiel reflejo"},"content":{"rendered":"<p>Independiente cerr\u00f3 el a\u00f1o futbol\u00edstico 2023. <strong>La temporada fue un fiel reflejo de c\u00f3mo termin\u00f3 el 2022.<\/strong><\/p>\n<p>Fue un cierre triste y muy comprometido de cara al pr\u00f3ximo a\u00f1o. <strong>Si analizamos los n\u00fameros son exactamente iguales al anterior.<\/strong><\/p>\n<p>Durante el cierre de la gesti\u00f3n de Hugo Moyano, donde Eduardo Dom\u00ednguez, Claudio Graf y Julio C\u00e9sar Falcioni estuvieron al frente del equipo, <strong>Independiente jug\u00f3 41 partidos, gan\u00f3 12, empat\u00f3 15 y perdi\u00f3 14, sumando 51 puntos. La consecuencia fue quedarse afuera de todas las copas internacionales.<\/strong><\/p>\n<p>Este a\u00f1o, hubo cambios en el mando del club. Primero arranc\u00f3 Fabi\u00e1n Doman y continu\u00f3 N\u00e9stor Grindetti. 4 entrenadores se hicieron cargo del equipo: Leandro Stillitano, Pedro Monz\u00f3n, Ricardo Zielinski y Carlos Tevez. <strong>Los resultados fueron exactamente los mismos, 41 partidos, 12 victorias, 15 igualdades y 14 derrotas, con 51 unidades conseguidas. Tambi\u00e9n el Rojo qued\u00f3 afuera de todos las competiciones internacionales.<\/strong><\/p>\n<p>\u00bfCasualidad? Para nada. <strong>Es una clara muestra de los malos manejos dirigenciales, donde muchos son los mismos nombres, la falta de proyectos deportivos y la poca inversi\u00f3n en el f\u00fatbol.<\/strong><\/p>\n","protected":false},"excerpt":{"rendered":"<p>Independiente cerr\u00f3 el a\u00f1o futbol\u00edstico 2023. La temporada fue un fiel reflejo de c\u00f3mo termin\u00f3 el 2022. Fue un cierre triste y muy comprometido de cara al pr\u00f3ximo a\u00f1o. Si analizamos los n\u00fameros son exactamente iguales al anterior. Durante el cierre de la gesti\u00f3n de Hugo Moyano, donde Eduardo Dom\u00ednguez, Claudio Graf y Julio C\u00e9sar [&hellip;]<\/p>\n","protected":false},"author":1,"featured_media":115803,"comment_status":"open","ping_status":"closed","sticky":false,"template":"","format":"standard","meta":{"_links_to":"","_links_to_target":""},"categories":[1989,3247],"tags":[5279,153,2207,5067,140,385,4092,1455,1742,2084],"_links":{"self":[{"href":"https:\/\/www.locoxelrojo.com\/independiente\/wp-json\/wp\/v2\/posts\/116281"}],"collection":[{"href":"https:\/\/www.locoxelrojo.com\/independiente\/wp-json\/wp\/v2\/posts"}],"about":[{"href":"https:\/\/www.locoxelrojo.com\/independiente\/wp-json\/wp\/v2\/types\/post"}],"author":[{"embeddable":true,"href":"https:\/\/www.locoxelrojo.com\/independiente\/wp-json\/wp\/v2\/users\/1"}],"replies":[{"embeddable":true,"href":"https:\/\/www.locoxelrojo.com\/independiente\/wp-json\/wp\/v2\/comments?post=116281"}],"version-history":[{"count":2,"href":"https:\/\/www.locoxelrojo.com\/independiente\/wp-json\/wp\/v2\/posts\/116281\/revisions"}],"predecessor-version":[{"id":116283,"href":"https:\/\/www.locoxelrojo.com\/independiente\/wp-json\/wp\/v2\/posts\/116281\/revisions\/116283"}],"wp:featuredmedia":[{"embeddable":true,"href":"https:\/\/www.locoxelrojo.com\/independiente\/wp-json\/wp\/v2\/media\/115803"}],"wp:attachment":[{"href":"https:\/\/www.locoxelrojo.com\/independiente\/wp-json\/wp\/v2\/media?parent=116281"}],"wp:term":[{"taxonomy":"category","embeddable":true,"href":"https:\/\/www.locoxelrojo.com\/independiente\/wp-json\/wp\/v2\/categories?post=116281"},{"taxonomy":"post_tag","embeddable":true,"href":"https:\/\/www.locoxelrojo.com\/independiente\/wp-json\/wp\/v2\/tags?post=116281"}],"curies":[{"name":"wp","href":"https:\/\/api.w.org\/{rel}","templated":true}]}}