{"id":116290,"date":"2023-11-28T18:43:17","date_gmt":"2023-11-28T21:43:17","guid":{"rendered":"https:\/\/www.locoxelrojo.com\/independiente\/?p=116290"},"modified":"2023-11-28T18:43:17","modified_gmt":"2023-11-28T21:43:17","slug":"santi-lopez-orgulloso-por-lo-hecho","status":"publish","type":"post","link":"https:\/\/www.locoxelrojo.com\/independiente\/2023\/11\/28\/santi-lopez-orgulloso-por-lo-hecho\/","title":{"rendered":"Santi L\u00f3pez, orgulloso por lo hecho"},"content":{"rendered":"<p><strong>Santiago L\u00f3pez<\/strong> se pronunci\u00f3 en sus redes sociales, luego de la derrota de la Selecci\u00f3n Argentina Sub 17 ante Alemania en la semifinal del Mundial de Indonesia.<\/p>\n<p><strong>\u201cOrgulloso de todo el grupo. Ya vamos a tener revancha\u201d<\/strong>, asegur\u00f3.<\/p>\n<blockquote class=\"twitter-tweet\">\n<p dir=\"ltr\" lang=\"es\">Orgulloso de todo el grupo , Ya vamos a tener revancha  <a href=\"https:\/\/t.co\/LWWBZpR6d5\">pic.twitter.com\/LWWBZpR6d5<\/a><\/p>\n<p>\u2014 Santii (@santiiloopez9) <a href=\"https:\/\/twitter.com\/santiiloopez9\/status\/1729475121239543955?ref_src=twsrc%5Etfw\">November 28, 2023<\/a><\/p><\/blockquote>\n<p><script async src=\"https:\/\/platform.twitter.com\/widgets.js\" charset=\"utf-8\"><\/script><\/p>\n<p>El delantero de Independiente no pudo estar presente en este partido, debido a la suspensi\u00f3n por acumulaci\u00f3n de tarjetas amarillas. A pesar de esto, el oriundo de Nono tuvo un gran desempe\u00f1o individual a lo largo del torneo: <strong>jug\u00f3 5 partidos, siendo titular en 4.<\/strong> Adem\u00e1s, <strong>convirti\u00f3 2 goles y reparti\u00f3 una asistencia<\/strong>. Fue el tercer m\u00e1ximo goleador de la Argentina, por detr\u00e1s de Claudio Echeverri (5) y Agust\u00edn Ruberto (8).<\/p>\n<p>Cabe recordar que el surgido en las Inferiores del Rojo <strong>tiene contrato hasta 2024, con una cl\u00e1usula de salida de 15.000.000 de d\u00f3lares<\/strong>. A su regreso, los dirigentes deber\u00e1n empezar las charlas para una renovaci\u00f3n.<\/p>\n","protected":false},"excerpt":{"rendered":"<p>Santiago L\u00f3pez se pronunci\u00f3 en sus redes sociales, luego de la derrota de la Selecci\u00f3n Argentina Sub 17 ante Alemania en la semifinal del Mundial de Indonesia. \u201cOrgulloso de todo el grupo. Ya vamos a tener revancha\u201d, asegur\u00f3. Orgulloso de todo el grupo , Ya vamos a tener revancha pic.twitter.com\/LWWBZpR6d5 \u2014 Santii (@santiiloopez9) November 28, [&hellip;]<\/p>\n","protected":false},"author":101034,"featured_media":116291,"comment_status":"open","ping_status":"closed","sticky":false,"template":"","format":"standard","meta":{"_links_to":"","_links_to_target":""},"categories":[3247,3363],"tags":[5529,5162,227],"_links":{"self":[{"href":"https:\/\/www.locoxelrojo.com\/independiente\/wp-json\/wp\/v2\/posts\/116290"}],"collection":[{"href":"https:\/\/www.locoxelrojo.com\/independiente\/wp-json\/wp\/v2\/posts"}],"about":[{"href":"https:\/\/www.locoxelrojo.com\/independiente\/wp-json\/wp\/v2\/types\/post"}],"author":[{"embeddable":true,"href":"https:\/\/www.locoxelrojo.com\/independiente\/wp-json\/wp\/v2\/users\/101034"}],"replies":[{"embeddable":true,"href":"https:\/\/www.locoxelrojo.com\/independiente\/wp-json\/wp\/v2\/comments?post=116290"}],"version-history":[{"count":1,"href":"https:\/\/www.locoxelrojo.com\/independiente\/wp-json\/wp\/v2\/posts\/116290\/revisions"}],"predecessor-version":[{"id":116292,"href":"https:\/\/www.locoxelrojo.com\/independiente\/wp-json\/wp\/v2\/posts\/116290\/revisions\/116292"}],"wp:featuredmedia":[{"embeddable":true,"href":"https:\/\/www.locoxelrojo.com\/independiente\/wp-json\/wp\/v2\/media\/116291"}],"wp:attachment":[{"href":"https:\/\/www.locoxelrojo.com\/independiente\/wp-json\/wp\/v2\/media?parent=116290"}],"wp:term":[{"taxonomy":"category","embeddable":true,"href":"https:\/\/www.locoxelrojo.com\/independiente\/wp-json\/wp\/v2\/categories?post=116290"},{"taxonomy":"post_tag","embeddable":true,"href":"https:\/\/www.locoxelrojo.com\/independiente\/wp-json\/wp\/v2\/tags?post=116290"}],"curies":[{"name":"wp","href":"https:\/\/api.w.org\/{rel}","templated":true}]}}