{"id":116295,"date":"2023-11-29T15:05:49","date_gmt":"2023-11-29T18:05:49","guid":{"rendered":"https:\/\/www.locoxelrojo.com\/independiente\/?p=116295"},"modified":"2023-11-29T15:05:49","modified_gmt":"2023-11-29T18:05:49","slug":"homenaje-a-los-campeones-del-mundo-de-1973","status":"publish","type":"post","link":"https:\/\/www.locoxelrojo.com\/independiente\/2023\/11\/29\/homenaje-a-los-campeones-del-mundo-de-1973\/","title":{"rendered":"Homenaje a los campeones del mundo de 1973"},"content":{"rendered":"<p><strong>Se cumplieron 50 a\u00f1os de la primera Copa Intercontinental que gan\u00f3 Independiente en 1973 en Italia frente a la Juventus.<\/strong><\/p>\n<p>La celebraci\u00f3n se llev\u00f3 a cabo en el Estadio Libertadores de Am\u00e9rica &#8211; Ricardo Enrique Bochini con transmisi\u00f3n de TNT Sport y Walter Nelson en la conducci\u00f3n del evento.<\/p>\n<p>Adem\u00e1s de gran parte de los integrantes de aquel equipo que levant\u00f3 la copa en Roma, estuvieron <strong>N\u00e9stor Grindetti y miembros de la Comisi\u00f3n Directiva, Joaqu\u00edn Laso en representaci\u00f3n del plantel profesional y ex jugadores de otras \u00e9pocas en donde el club consigui\u00f3 t\u00edtulos como: Francisco S\u00e1, Dante Mircoli, Eduardo Maglioni, Guillermo R\u00edos, Daniel Montenegro, Carlos Matheu, Facundo Parra y Nicol\u00e1s Domingo.<\/strong><\/p>\n<blockquote class=\"twitter-tweet\">\n<p dir=\"ltr\" lang=\"es\">Homenaje a los Campeones del Mundo 1973 \u2764\ufe0f<a href=\"https:\/\/twitter.com\/hashtag\/TodoRojo?src=hash&amp;ref_src=twsrc%5Etfw\">#TodoRojo<\/a>  <a href=\"https:\/\/t.co\/Ibm3fOQxk9\">pic.twitter.com\/Ibm3fOQxk9<\/a><\/p>\n<p>\u2014 C. A. Independiente (@Independiente) <a href=\"https:\/\/twitter.com\/Independiente\/status\/1729681954310603037?ref_src=twsrc%5Etfw\">November 29, 2023<\/a><\/p><\/blockquote>\n<p><script async src=\"https:\/\/platform.twitter.com\/widgets.js\" charset=\"utf-8\"><\/script><\/p>\n","protected":false},"excerpt":{"rendered":"<p>Se cumplieron 50 a\u00f1os de la primera Copa Intercontinental que gan\u00f3 Independiente en 1973 en Italia frente a la Juventus. La celebraci\u00f3n se llev\u00f3 a cabo en el Estadio Libertadores de Am\u00e9rica &#8211; Ricardo Enrique Bochini con transmisi\u00f3n de TNT Sport y Walter Nelson en la conducci\u00f3n del evento. Adem\u00e1s de gran parte de los [&hellip;]<\/p>\n","protected":false},"author":1,"featured_media":116296,"comment_status":"open","ping_status":"closed","sticky":false,"template":"","format":"standard","meta":{"_links_to":"","_links_to_target":""},"categories":[3280,3247],"tags":[153,2460,1145],"_links":{"self":[{"href":"https:\/\/www.locoxelrojo.com\/independiente\/wp-json\/wp\/v2\/posts\/116295"}],"collection":[{"href":"https:\/\/www.locoxelrojo.com\/independiente\/wp-json\/wp\/v2\/posts"}],"about":[{"href":"https:\/\/www.locoxelrojo.com\/independiente\/wp-json\/wp\/v2\/types\/post"}],"author":[{"embeddable":true,"href":"https:\/\/www.locoxelrojo.com\/independiente\/wp-json\/wp\/v2\/users\/1"}],"replies":[{"embeddable":true,"href":"https:\/\/www.locoxelrojo.com\/independiente\/wp-json\/wp\/v2\/comments?post=116295"}],"version-history":[{"count":1,"href":"https:\/\/www.locoxelrojo.com\/independiente\/wp-json\/wp\/v2\/posts\/116295\/revisions"}],"predecessor-version":[{"id":116297,"href":"https:\/\/www.locoxelrojo.com\/independiente\/wp-json\/wp\/v2\/posts\/116295\/revisions\/116297"}],"wp:featuredmedia":[{"embeddable":true,"href":"https:\/\/www.locoxelrojo.com\/independiente\/wp-json\/wp\/v2\/media\/116296"}],"wp:attachment":[{"href":"https:\/\/www.locoxelrojo.com\/independiente\/wp-json\/wp\/v2\/media?parent=116295"}],"wp:term":[{"taxonomy":"category","embeddable":true,"href":"https:\/\/www.locoxelrojo.com\/independiente\/wp-json\/wp\/v2\/categories?post=116295"},{"taxonomy":"post_tag","embeddable":true,"href":"https:\/\/www.locoxelrojo.com\/independiente\/wp-json\/wp\/v2\/tags?post=116295"}],"curies":[{"name":"wp","href":"https:\/\/api.w.org\/{rel}","templated":true}]}}