{"id":11633,"date":"2011-10-02T19:00:23","date_gmt":"2011-10-02T21:00:23","guid":{"rendered":"http:\/\/www.locoxelrojo.com.ar\/independiente\/?p=11633"},"modified":"2015-09-15T23:24:19","modified_gmt":"2015-09-16T02:24:19","slug":"milito-no-es-lo-que-buscamos-pero-estuvo-bien","status":"publish","type":"post","link":"https:\/\/www.locoxelrojo.com\/independiente\/2011\/10\/02\/milito-no-es-lo-que-buscamos-pero-estuvo-bien\/","title":{"rendered":"Milito: &#8220;No es lo que buscamos, pero estuvo bien&#8221;"},"content":{"rendered":"<p><a href=\"http:\/\/www.locoxelrojo.com.ar\/independiente\/wp-content\/uploads\/2011\/10\/gabriel_milito.jpg\"><img loading=\"lazy\" class=\"alignnone size-full wp-image-11634\" title=\"gabriel_milito\" src=\"http:\/\/www.locoxelrojo.com.ar\/independiente\/wp-content\/uploads\/2011\/10\/gabriel_milito.jpg\" alt=\"\" width=\"590\" height=\"315\" srcset=\"https:\/\/locoxelrojo.com\/independiente\/wp-content\/uploads\/2011\/10\/gabriel_milito.jpg 590w, https:\/\/locoxelrojo.com\/independiente\/wp-content\/uploads\/2011\/10\/gabriel_milito-300x160.jpg 300w\" sizes=\"(max-width: 590px) 100vw, 590px\" \/><\/a><\/p>\n<p>Luego del partido, Gabriel Milito dialog\u00f3 con la prensa y se refiri\u00f3 al empate con Racing. &#8220;<strong>N<\/strong><strong>os deja fuertes<\/strong><strong> por la forma en que jug\u00f3 el equipo. No es lo que buscamos pero estuvo bien&#8221;<\/strong><em>, <\/em>reconoci\u00f3. <strong>&#8220;El equipo estuvo bien, bastante s\u00f3lido en l\u00edneas generales. No perdimos en orden a pesar de haber recibido un gol tan pronto y nos hicimos dominadores del juego&#8221;<\/strong><em>, <\/em>a\u00f1adi\u00f3 luego.<\/p>\n<p>Desde su punto de vista, el Rojo fue superior en el primer tiempo y, en el segundo, nadie quiso perder.<strong> &#8220;Tuvimos las mejores situaciones y llegamos al empate.\u00a0Fuimos superiores. En el segundo tiempo arriesgamos los dos un poquito menos&#8221;, <\/strong>entendi\u00f3. El ex Barcelona, no quiso polemizar sobre las declaraciones de Te\u00f3filo Guti\u00e9rrez. <strong>&#8220;No merece la pena perder el tiempo, demasiado importante es este partido como para necesitar de las declaraciones de un rival para motivarnos\u201d, <\/strong>chicane\u00f3.<\/p>\n<p>Por \u00faltimo, se refiri\u00f3 a lo que se viene. &#8220;<strong>El equipo debe seguir mejorando y terminar el torneo de la mejor manera posible. Es importante\u00a0sumar la mayor cantidad de puntos en los partidos que quedan y revertir el resultado en la copa&#8221;, <\/strong>concluy\u00f3.<\/p>\n","protected":false},"excerpt":{"rendered":"<p>Luego del partido, Gabriel Milito dialog\u00f3 con la prensa y se refiri\u00f3 al empate con Racing. &#8220;Nos deja fuertes por la forma en que jug\u00f3 el equipo. No es lo que buscamos pero estuvo bien&#8221;, reconoci\u00f3. &#8220;El equipo estuvo bien, bastante s\u00f3lido en l\u00edneas generales. No perdimos en orden a pesar de haber recibido un [&hellip;]<\/p>\n","protected":false},"author":1,"featured_media":0,"comment_status":"open","ping_status":"open","sticky":false,"template":"","format":"standard","meta":{"_links_to":"","_links_to_target":""},"categories":[3,1],"tags":[153,210,974],"_links":{"self":[{"href":"https:\/\/www.locoxelrojo.com\/independiente\/wp-json\/wp\/v2\/posts\/11633"}],"collection":[{"href":"https:\/\/www.locoxelrojo.com\/independiente\/wp-json\/wp\/v2\/posts"}],"about":[{"href":"https:\/\/www.locoxelrojo.com\/independiente\/wp-json\/wp\/v2\/types\/post"}],"author":[{"embeddable":true,"href":"https:\/\/www.locoxelrojo.com\/independiente\/wp-json\/wp\/v2\/users\/1"}],"replies":[{"embeddable":true,"href":"https:\/\/www.locoxelrojo.com\/independiente\/wp-json\/wp\/v2\/comments?post=11633"}],"version-history":[{"count":0,"href":"https:\/\/www.locoxelrojo.com\/independiente\/wp-json\/wp\/v2\/posts\/11633\/revisions"}],"wp:attachment":[{"href":"https:\/\/www.locoxelrojo.com\/independiente\/wp-json\/wp\/v2\/media?parent=11633"}],"wp:term":[{"taxonomy":"category","embeddable":true,"href":"https:\/\/www.locoxelrojo.com\/independiente\/wp-json\/wp\/v2\/categories?post=11633"},{"taxonomy":"post_tag","embeddable":true,"href":"https:\/\/www.locoxelrojo.com\/independiente\/wp-json\/wp\/v2\/tags?post=11633"}],"curies":[{"name":"wp","href":"https:\/\/api.w.org\/{rel}","templated":true}]}}