{"id":116347,"date":"2023-12-01T08:52:06","date_gmt":"2023-12-01T11:52:06","guid":{"rendered":"https:\/\/www.locoxelrojo.com\/independiente\/?p=116347"},"modified":"2023-12-01T21:01:14","modified_gmt":"2023-12-02T00:01:14","slug":"el-analisis-vs-talleres-por-que-el-rojo-fue-tan-superado","status":"publish","type":"post","link":"https:\/\/www.locoxelrojo.com\/independiente\/2023\/12\/01\/el-analisis-vs-talleres-por-que-el-rojo-fue-tan-superado\/","title":{"rendered":"El an\u00e1lisis vs. Talleres: \u00bfPor qu\u00e9 el Rojo fue tan superado?"},"content":{"rendered":"<p>En el \u00faltimo partido del torneo y luego de hacer un buen campeonato, <strong>Independiente no dio la talla en C\u00f3rdoba y perdi\u00f3 bien frente a Talleres<\/strong>. <a href=\"https:\/\/www.locoxelrojo.com\/independiente\/2023\/11\/26\/derrota-en-cordoba-y-afuera-de-todo\/\">M\u00e1s all\u00e1 de lo corto que qued\u00f3 el resultado<\/a>, compartimos el an\u00e1lisis con los motivos que explican la gran diferencia que hubo entre ambos equipos.<\/p>\n<p><strong><a href=\"https:\/\/www.locoxelrojo.com\/independiente\/2023\/11\/26\/tevez-el-equipo-se-relajo-y-el-primer-responsable-soy-yo\/\">Carlos Tevez<\/a> opt\u00f3 por un esquema diferente respecto del \u00faltimo partido como local<\/strong>, lo puso a <strong>Alexis Canelo<\/strong> por la banda derecha, a quien le cost\u00f3 asentarse en el primer tiempo. Tanto en los retrocesos como lo lejos que quedaba para atacar.<\/p>\n<p><strong>Talleres<\/strong>, en tanto, llev\u00f3 a cabo un eficiente plan de juego y super\u00f3 al Rey de Copas en varias facetas del juego. <strong>Domin\u00f3 en el primer tiempo y en el segundo eligi\u00f3 replegar y jugar de contra<\/strong>. Ah\u00ed es cuando m\u00e1s da\u00f1o hizo ante un d\u00e9bil retroceso de Independiente.<\/p>\n<p>Pero para entender un poco m\u00e1s acerca de esto, te compartimos el siguiente <strong>hilo de Twitter<\/strong> donde hacemos un an\u00e1lisis con <strong>las principales claves que dej\u00f3 la <a href=\"https:\/\/www.locoxelrojo.com\/independiente\/2023\/11\/26\/lo-que-dejo-la-vergonzosa-caida-ante-talleres\/\">derrota 3-2<\/a><\/strong> y la eliminaci\u00f3n del Rojo de la Copa de la Liga. \u00a1Mir\u00e1!<\/p>\n<blockquote class=\"twitter-tweet\">\n<p dir=\"ltr\" lang=\"es\">EL AN\u00c1LISIS VS. TALLERES<a href=\"https:\/\/twitter.com\/hashtag\/Independiente?src=hash&amp;ref_src=twsrc%5Etfw\">#Independiente<\/a>  no dio la talla en el \u00faltimo partido y qued\u00f3 afuera de todo por un pobre nivel colectivo.<\/p>\n<p>-La presi\u00f3n que desajust\u00f3<br \/>\n-Retroceso deficiente<br \/>\n-Movilidad de TAL en ataque<br \/>\n-Padeci\u00f3 env\u00edos directos<\/p>\n<p>\u00bfPor qu\u00e9 fue tan superado? Abro hilo <a href=\"https:\/\/t.co\/SEl19LiU7Z\">pic.twitter.com\/SEl19LiU7Z<\/a><\/p>\n<p>\u2014 Matias Carusso (@carussomatias) <a href=\"https:\/\/twitter.com\/carussomatias\/status\/1729989060159009214?ref_src=twsrc%5Etfw\">November 29, 2023<\/a><\/p><\/blockquote>\n<p><script async src=\"https:\/\/platform.twitter.com\/widgets.js\" charset=\"utf-8\"><\/script><\/p>\n","protected":false},"excerpt":{"rendered":"<p>En el \u00faltimo partido del torneo y luego de hacer un buen campeonato, Independiente no dio la talla en C\u00f3rdoba y perdi\u00f3 bien frente a Talleres. M\u00e1s all\u00e1 de lo corto que qued\u00f3 el resultado, compartimos el an\u00e1lisis con los motivos que explican la gran diferencia que hubo entre ambos equipos. Carlos Tevez opt\u00f3 por [&hellip;]<\/p>\n","protected":false},"author":19,"featured_media":116348,"comment_status":"open","ping_status":"closed","sticky":false,"template":"","format":"standard","meta":{"_links_to":"","_links_to_target":""},"categories":[4943,3247],"tags":[153,5276,4956,529],"_links":{"self":[{"href":"https:\/\/www.locoxelrojo.com\/independiente\/wp-json\/wp\/v2\/posts\/116347"}],"collection":[{"href":"https:\/\/www.locoxelrojo.com\/independiente\/wp-json\/wp\/v2\/posts"}],"about":[{"href":"https:\/\/www.locoxelrojo.com\/independiente\/wp-json\/wp\/v2\/types\/post"}],"author":[{"embeddable":true,"href":"https:\/\/www.locoxelrojo.com\/independiente\/wp-json\/wp\/v2\/users\/19"}],"replies":[{"embeddable":true,"href":"https:\/\/www.locoxelrojo.com\/independiente\/wp-json\/wp\/v2\/comments?post=116347"}],"version-history":[{"count":1,"href":"https:\/\/www.locoxelrojo.com\/independiente\/wp-json\/wp\/v2\/posts\/116347\/revisions"}],"predecessor-version":[{"id":116349,"href":"https:\/\/www.locoxelrojo.com\/independiente\/wp-json\/wp\/v2\/posts\/116347\/revisions\/116349"}],"wp:featuredmedia":[{"embeddable":true,"href":"https:\/\/www.locoxelrojo.com\/independiente\/wp-json\/wp\/v2\/media\/116348"}],"wp:attachment":[{"href":"https:\/\/www.locoxelrojo.com\/independiente\/wp-json\/wp\/v2\/media?parent=116347"}],"wp:term":[{"taxonomy":"category","embeddable":true,"href":"https:\/\/www.locoxelrojo.com\/independiente\/wp-json\/wp\/v2\/categories?post=116347"},{"taxonomy":"post_tag","embeddable":true,"href":"https:\/\/www.locoxelrojo.com\/independiente\/wp-json\/wp\/v2\/tags?post=116347"}],"curies":[{"name":"wp","href":"https:\/\/api.w.org\/{rel}","templated":true}]}}