{"id":116378,"date":"2023-12-03T17:07:30","date_gmt":"2023-12-03T20:07:30","guid":{"rendered":"https:\/\/www.locoxelrojo.com\/independiente\/?p=116378"},"modified":"2023-12-03T17:12:16","modified_gmt":"2023-12-03T20:12:16","slug":"los-pibes-que-lleva-tevez-a-la-pretemporada","status":"publish","type":"post","link":"https:\/\/www.locoxelrojo.com\/independiente\/2023\/12\/03\/los-pibes-que-lleva-tevez-a-la-pretemporada\/","title":{"rendered":"Los pibes que lleva Tevez a la pretemporada"},"content":{"rendered":"<p><strong>Carlos Tevez les comunic\u00f3 a varios juveniles de Independiente que los llevar\u00e1 a hacer la<a href=\"https:\/\/www.locoxelrojo.com\/independiente\/2023\/12\/02\/a-miami\/\"> pretemporada en Miami<\/a> con el plantel profesional.<\/strong><\/p>\n<p>Uno de los nombres que m\u00e1s se destaca es el de<strong> Santiago L\u00f3pez<\/strong>, jugador de 17 a\u00f1os que tuvo un <a href=\"https:\/\/www.locoxelrojo.com\/independiente\/2023\/11\/21\/argentina-sub-17-goleo-con-un-doblete-de-santi-lopez\/\">gran desempe\u00f1o con la Selecci\u00f3n Argentina en el Mundial Sub-17<\/a>.<\/p>\n<p>Otro joven que sorprendi\u00f3 en la lista (por su corta edad) fue<strong> Tom\u00e1s Parmo<\/strong>, <a href=\"https:\/\/www.locoxelrojo.com\/independiente\/2023\/05\/08\/tomas-parmo-a-la-seleccion-argentina-sub-15\/\">futbolista de 15 a\u00f1os que ya hace unos meses juega en Reserva<\/a>. Adem\u00e1s, forma parte de la Selecci\u00f3n Argentina Sub 15. Es <strong>uno de los proyectos m\u00e1s interesantes<\/strong> que tiene Independiente.<\/p>\n<p>Luego de esperar varios meses,<strong> Rodrigo Atencio va a tener su oportunidad<\/strong> con el Apache. El mediocampista goleador de la Reserva viene teniendo un gran rendimiento en el equipo de Pedro Monz\u00f3n, siendo una de las piezas fundamentales para que el Rojo llegara a la final de la Copa Proyecci\u00f3n.<\/p>\n<p>Por \u00faltimo, aparece <strong>Mateo Morro, arquero de 17 a\u00f1os<\/strong> que lleg\u00f3 a ser sparring de la Selecci\u00f3n dirigida por Lionel Scaloni. Desde la llegada de Tevez, trabaja con la Primera.<\/p>\n","protected":false},"excerpt":{"rendered":"<p>Carlos Tevez les comunic\u00f3 a varios juveniles de Independiente que los llevar\u00e1 a hacer la pretemporada en Miami con el plantel profesional. Uno de los nombres que m\u00e1s se destaca es el de Santiago L\u00f3pez, jugador de 17 a\u00f1os que tuvo un gran desempe\u00f1o con la Selecci\u00f3n Argentina en el Mundial Sub-17. Otro joven que [&hellip;]<\/p>\n","protected":false},"author":101034,"featured_media":113712,"comment_status":"open","ping_status":"closed","sticky":false,"template":"","format":"standard","meta":{"_links_to":"","_links_to_target":""},"categories":[3247,3],"tags":[153,5425,5548,5549,5132,5162,5165],"_links":{"self":[{"href":"https:\/\/www.locoxelrojo.com\/independiente\/wp-json\/wp\/v2\/posts\/116378"}],"collection":[{"href":"https:\/\/www.locoxelrojo.com\/independiente\/wp-json\/wp\/v2\/posts"}],"about":[{"href":"https:\/\/www.locoxelrojo.com\/independiente\/wp-json\/wp\/v2\/types\/post"}],"author":[{"embeddable":true,"href":"https:\/\/www.locoxelrojo.com\/independiente\/wp-json\/wp\/v2\/users\/101034"}],"replies":[{"embeddable":true,"href":"https:\/\/www.locoxelrojo.com\/independiente\/wp-json\/wp\/v2\/comments?post=116378"}],"version-history":[{"count":1,"href":"https:\/\/www.locoxelrojo.com\/independiente\/wp-json\/wp\/v2\/posts\/116378\/revisions"}],"predecessor-version":[{"id":116379,"href":"https:\/\/www.locoxelrojo.com\/independiente\/wp-json\/wp\/v2\/posts\/116378\/revisions\/116379"}],"wp:featuredmedia":[{"embeddable":true,"href":"https:\/\/www.locoxelrojo.com\/independiente\/wp-json\/wp\/v2\/media\/113712"}],"wp:attachment":[{"href":"https:\/\/www.locoxelrojo.com\/independiente\/wp-json\/wp\/v2\/media?parent=116378"}],"wp:term":[{"taxonomy":"category","embeddable":true,"href":"https:\/\/www.locoxelrojo.com\/independiente\/wp-json\/wp\/v2\/categories?post=116378"},{"taxonomy":"post_tag","embeddable":true,"href":"https:\/\/www.locoxelrojo.com\/independiente\/wp-json\/wp\/v2\/tags?post=116378"}],"curies":[{"name":"wp","href":"https:\/\/api.w.org\/{rel}","templated":true}]}}