{"id":116392,"date":"2023-12-04T19:44:25","date_gmt":"2023-12-04T22:44:25","guid":{"rendered":"https:\/\/www.locoxelrojo.com\/independiente\/?p=116392"},"modified":"2023-12-04T19:44:25","modified_gmt":"2023-12-04T22:44:25","slug":"quiroga-estar-unidos-como-grupo-fue-fundamental","status":"publish","type":"post","link":"https:\/\/www.locoxelrojo.com\/independiente\/2023\/12\/04\/quiroga-estar-unidos-como-grupo-fue-fundamental\/","title":{"rendered":"Quiroga: &#8220;Estar unidos como grupo fue fundamental&#8221;"},"content":{"rendered":"<p><strong>Agust\u00edn Quiroga<\/strong>, capit\u00e1n de la Reserva de Independiente, habl\u00f3 en la previa a la final de la Copa Proyecci\u00f3n.<\/p>\n<p>El defensor del Rojo, <strong>cuyo futuro en el club es una incertidumbre ya que se le vence el contrato el 31 de diciembre<\/strong>, se refiri\u00f3 en conferencia de prensa al importante partido que tendr\u00e1n los dirigidos por Pedro Monz\u00f3n frente a Tigre.<\/p>\n<p><strong>&#8220;La constancia y el trabajo nos trajeron hasta ac\u00e1. Estar unidos como grupo fue fundamental para estar donde estamos hoy. No terminamos la Copa de la Liga como hubi\u00e9semos querido, pero despu\u00e9s pasamos y en los \u00faltimos dos partidos supimos aprovechar esa chance&#8221;<\/strong>, expres\u00f3. Y agreg\u00f3: <strong>&#8220;Hemos ido de menor a mayor&#8221;<\/strong>.<\/p>\n<p>Para finalizar, dej\u00f3 en claro la postura sobre su continuidad o no en el Rojo. <strong>&#8220;No s\u00e9 si voy a ser parte de la pretemporada, no est\u00e1 definido. Est\u00e9 o no este, voy a trabajar siempre de la misma manera&#8221;<\/strong>, cerr\u00f3. En los pr\u00f3ximos d\u00edas se puede resolver su situaci\u00f3n. Hay un sondeo de Independiente Rivadavia de Mendoza, equipo reci\u00e9n ascendido.<\/p>\n","protected":false},"excerpt":{"rendered":"<p>Agust\u00edn Quiroga, capit\u00e1n de la Reserva de Independiente, habl\u00f3 en la previa a la final de la Copa Proyecci\u00f3n. El defensor del Rojo, cuyo futuro en el club es una incertidumbre ya que se le vence el contrato el 31 de diciembre, se refiri\u00f3 en conferencia de prensa al importante partido que tendr\u00e1n los dirigidos [&hellip;]<\/p>\n","protected":false},"author":1,"featured_media":116393,"comment_status":"open","ping_status":"closed","sticky":false,"template":"","format":"standard","meta":{"_links_to":"","_links_to_target":""},"categories":[3247,141],"tags":[4805,231],"_links":{"self":[{"href":"https:\/\/www.locoxelrojo.com\/independiente\/wp-json\/wp\/v2\/posts\/116392"}],"collection":[{"href":"https:\/\/www.locoxelrojo.com\/independiente\/wp-json\/wp\/v2\/posts"}],"about":[{"href":"https:\/\/www.locoxelrojo.com\/independiente\/wp-json\/wp\/v2\/types\/post"}],"author":[{"embeddable":true,"href":"https:\/\/www.locoxelrojo.com\/independiente\/wp-json\/wp\/v2\/users\/1"}],"replies":[{"embeddable":true,"href":"https:\/\/www.locoxelrojo.com\/independiente\/wp-json\/wp\/v2\/comments?post=116392"}],"version-history":[{"count":1,"href":"https:\/\/www.locoxelrojo.com\/independiente\/wp-json\/wp\/v2\/posts\/116392\/revisions"}],"predecessor-version":[{"id":116394,"href":"https:\/\/www.locoxelrojo.com\/independiente\/wp-json\/wp\/v2\/posts\/116392\/revisions\/116394"}],"wp:featuredmedia":[{"embeddable":true,"href":"https:\/\/www.locoxelrojo.com\/independiente\/wp-json\/wp\/v2\/media\/116393"}],"wp:attachment":[{"href":"https:\/\/www.locoxelrojo.com\/independiente\/wp-json\/wp\/v2\/media?parent=116392"}],"wp:term":[{"taxonomy":"category","embeddable":true,"href":"https:\/\/www.locoxelrojo.com\/independiente\/wp-json\/wp\/v2\/categories?post=116392"},{"taxonomy":"post_tag","embeddable":true,"href":"https:\/\/www.locoxelrojo.com\/independiente\/wp-json\/wp\/v2\/tags?post=116392"}],"curies":[{"name":"wp","href":"https:\/\/api.w.org\/{rel}","templated":true}]}}