{"id":11647,"date":"2011-10-04T18:51:36","date_gmt":"2011-10-04T21:51:36","guid":{"rendered":"http:\/\/www.locoxelrojo.com.ar\/independiente\/?p=11647"},"modified":"2011-10-04T18:51:36","modified_gmt":"2011-10-04T21:51:36","slug":"fredes-puede-entrenarse-con-normalidad","status":"publish","type":"post","link":"https:\/\/www.locoxelrojo.com\/independiente\/2011\/10\/04\/fredes-puede-entrenarse-con-normalidad\/","title":{"rendered":"Fredes puede entrenarse con normalidad"},"content":{"rendered":"<p><a href=\"http:\/\/www.locoxelrojo.com.ar\/independiente\/wp-content\/uploads\/2011\/10\/hernanfredes.jpg\"><img loading=\"lazy\" class=\"alignnone size-full wp-image-11654\" title=\"hernanfredes\" src=\"http:\/\/www.locoxelrojo.com.ar\/independiente\/wp-content\/uploads\/2011\/10\/hernanfredes.jpg\" alt=\"\" width=\"590\" height=\"315\" srcset=\"https:\/\/locoxelrojo.com\/independiente\/wp-content\/uploads\/2011\/10\/hernanfredes.jpg 590w, https:\/\/locoxelrojo.com\/independiente\/wp-content\/uploads\/2011\/10\/hernanfredes-300x160.jpg 300w\" sizes=\"(max-width: 590px) 100vw, 590px\" \/><\/a><\/p>\n<p>Ram\u00f3n D\u00edaz va recuperando piezas fundamentales. Primero fue Patricio Rodr\u00edguez y si bien la semana anterior al cl\u00e1sico Fredes anticip\u00f3 que ten\u00eda \u00a0para 10 d\u00edas m\u00e1s de su desgarro en el gemelo izquierdo, se hizo estudios y podr\u00e1 entrenarse desde ma\u00f1ana con normalidad.<\/p>\n<p>As\u00ed lo anunci\u00f3 el diestro v\u00eda Twitter desde su cuenta <strong>@hernan_fredes:\u00a0\u201cAcabo de salir de la Cl\u00ednica Rossi y por suerte me dijeron que estaba todo bien y ya puedo entrenar normal\u2026 #Feliiiiz\u201d. <\/strong><\/p>\n<p>Hernan Fredes se hab\u00eda desgarrado el gemelo derecho en la previa del partido frente a Boca y, tras 2 semanas de recuperaci\u00f3n, volvi\u00f3 a sufrir la misma lesi\u00f3n en el gemelo izquierdo. Su \u00faltimo partido oficial fue el 28\/8 frente a Argentinos Juniors.<\/p>\n","protected":false},"excerpt":{"rendered":"<p>Ram\u00f3n D\u00edaz va recuperando piezas fundamentales. Primero fue Patricio Rodr\u00edguez y si bien la semana anterior al cl\u00e1sico Fredes anticip\u00f3 que ten\u00eda \u00a0para 10 d\u00edas m\u00e1s de su desgarro en el gemelo izquierdo, se hizo estudios y podr\u00e1 entrenarse desde ma\u00f1ana con normalidad. As\u00ed lo anunci\u00f3 el diestro v\u00eda Twitter desde su cuenta @hernan_fredes:\u00a0\u201cAcabo de [&hellip;]<\/p>\n","protected":false},"author":1,"featured_media":0,"comment_status":"open","ping_status":"open","sticky":false,"template":"","format":"standard","meta":{"_links_to":"","_links_to_target":""},"categories":[1],"tags":[153,71,974],"_links":{"self":[{"href":"https:\/\/www.locoxelrojo.com\/independiente\/wp-json\/wp\/v2\/posts\/11647"}],"collection":[{"href":"https:\/\/www.locoxelrojo.com\/independiente\/wp-json\/wp\/v2\/posts"}],"about":[{"href":"https:\/\/www.locoxelrojo.com\/independiente\/wp-json\/wp\/v2\/types\/post"}],"author":[{"embeddable":true,"href":"https:\/\/www.locoxelrojo.com\/independiente\/wp-json\/wp\/v2\/users\/1"}],"replies":[{"embeddable":true,"href":"https:\/\/www.locoxelrojo.com\/independiente\/wp-json\/wp\/v2\/comments?post=11647"}],"version-history":[{"count":0,"href":"https:\/\/www.locoxelrojo.com\/independiente\/wp-json\/wp\/v2\/posts\/11647\/revisions"}],"wp:attachment":[{"href":"https:\/\/www.locoxelrojo.com\/independiente\/wp-json\/wp\/v2\/media?parent=11647"}],"wp:term":[{"taxonomy":"category","embeddable":true,"href":"https:\/\/www.locoxelrojo.com\/independiente\/wp-json\/wp\/v2\/categories?post=11647"},{"taxonomy":"post_tag","embeddable":true,"href":"https:\/\/www.locoxelrojo.com\/independiente\/wp-json\/wp\/v2\/tags?post=11647"}],"curies":[{"name":"wp","href":"https:\/\/api.w.org\/{rel}","templated":true}]}}