{"id":11651,"date":"2011-10-04T18:39:45","date_gmt":"2011-10-04T21:39:45","guid":{"rendered":"http:\/\/www.locoxelrojo.com.ar\/independiente\/?p=11651"},"modified":"2011-10-04T18:39:45","modified_gmt":"2011-10-04T21:39:45","slug":"trabajos-fisicos-en-el-receso","status":"publish","type":"post","link":"https:\/\/www.locoxelrojo.com\/independiente\/2011\/10\/04\/trabajos-fisicos-en-el-receso\/","title":{"rendered":"Trabajos f\u00edsicos en el receso"},"content":{"rendered":"<p><a href=\"http:\/\/www.locoxelrojo.com.ar\/independiente\/wp-content\/uploads\/2011\/10\/ramon-dominico.jpg\"><img loading=\"lazy\" class=\"alignnone size-full wp-image-11652\" title=\"ramon-dominico\" src=\"http:\/\/www.locoxelrojo.com.ar\/independiente\/wp-content\/uploads\/2011\/10\/ramon-dominico.jpg\" alt=\"\" width=\"590\" height=\"315\" srcset=\"https:\/\/locoxelrojo.com\/independiente\/wp-content\/uploads\/2011\/10\/ramon-dominico.jpg 590w, https:\/\/locoxelrojo.com\/independiente\/wp-content\/uploads\/2011\/10\/ramon-dominico-300x160.jpg 300w\" sizes=\"(max-width: 590px) 100vw, 590px\" \/><\/a><\/p>\n<p>Luego del d\u00eda de descanso que tuvo el plantel despu\u00e9s del empatre frente a Racing, Ram\u00f3n D\u00edaz junto a sus ayudantes decidieron aprovechar el receso por las eliminatorias para el Mundial de 2014, y poner a punto al plantel en lo f\u00edsico. <strong>Es por eso, que ma\u00f1ana mi\u00e9rcoles y el viernes habr\u00e1 entrenamientos doble turno.<\/strong><\/p>\n<p><strong>En la pr\u00e1ctica de hoy en el predio de Villa Dom\u00ednico los jugadores que participaron del Cl\u00e1sico se repartieron las tareas entre trabajos regenerativos y ejercicios f\u00edsicos en el gimnasio, salvo el Pato Rodr\u00edguez que solamente trabajo en el gimnasio. Facundo Parra, el autor del gol frente a Racing, tiene un leve esguince en el tobillo derecho por lo que entren\u00f3 diferenciado. <\/strong><\/p>\n<p>Ma\u00f1ana comienzan los trabajos m\u00e1s duros. <strong>La primera pr\u00e1ctica arranca a las 10 hs y el segundo turno ser\u00e1 a las 17 hs. El jueves solamente ser\u00e1 en el turno de la ma\u00f1ana y el viernes se repite el doble turno en los mismos horarios que el mi\u00e9rcoles. <\/strong><\/p>\n<p>La idea de Ram\u00f3n Di\u00e1z es recuperar a varios de los jugadores que est\u00e1n mal f\u00edsicamente y poder contar con Patricio Rodr\u00edguez y Hern\u00e1n Fredes en \u00f3ptimas condiciones para la revancha frente a Liga de Quito y lo que resta del Apertura 2011.<\/p>\n","protected":false},"excerpt":{"rendered":"<p>Luego del d\u00eda de descanso que tuvo el plantel despu\u00e9s del empatre frente a Racing, Ram\u00f3n D\u00edaz junto a sus ayudantes decidieron aprovechar el receso por las eliminatorias para el Mundial de 2014, y poner a punto al plantel en lo f\u00edsico. Es por eso, que ma\u00f1ana mi\u00e9rcoles y el viernes habr\u00e1 entrenamientos doble turno. [&hellip;]<\/p>\n","protected":false},"author":1,"featured_media":0,"comment_status":"open","ping_status":"open","sticky":false,"template":"","format":"standard","meta":{"_links_to":"","_links_to_target":""},"categories":[3,1],"tags":[153,36,71,41,500],"_links":{"self":[{"href":"https:\/\/www.locoxelrojo.com\/independiente\/wp-json\/wp\/v2\/posts\/11651"}],"collection":[{"href":"https:\/\/www.locoxelrojo.com\/independiente\/wp-json\/wp\/v2\/posts"}],"about":[{"href":"https:\/\/www.locoxelrojo.com\/independiente\/wp-json\/wp\/v2\/types\/post"}],"author":[{"embeddable":true,"href":"https:\/\/www.locoxelrojo.com\/independiente\/wp-json\/wp\/v2\/users\/1"}],"replies":[{"embeddable":true,"href":"https:\/\/www.locoxelrojo.com\/independiente\/wp-json\/wp\/v2\/comments?post=11651"}],"version-history":[{"count":0,"href":"https:\/\/www.locoxelrojo.com\/independiente\/wp-json\/wp\/v2\/posts\/11651\/revisions"}],"wp:attachment":[{"href":"https:\/\/www.locoxelrojo.com\/independiente\/wp-json\/wp\/v2\/media?parent=11651"}],"wp:term":[{"taxonomy":"category","embeddable":true,"href":"https:\/\/www.locoxelrojo.com\/independiente\/wp-json\/wp\/v2\/categories?post=11651"},{"taxonomy":"post_tag","embeddable":true,"href":"https:\/\/www.locoxelrojo.com\/independiente\/wp-json\/wp\/v2\/tags?post=11651"}],"curies":[{"name":"wp","href":"https:\/\/api.w.org\/{rel}","templated":true}]}}