{"id":116542,"date":"2023-12-17T17:43:34","date_gmt":"2023-12-17T20:43:34","guid":{"rendered":"https:\/\/www.locoxelrojo.com\/independiente\/?p=116542"},"modified":"2023-12-17T21:51:30","modified_gmt":"2023-12-18T00:51:30","slug":"graves-danos-en-villa-dominico-y-wilde-por-el-temporal","status":"publish","type":"post","link":"https:\/\/www.locoxelrojo.com\/independiente\/2023\/12\/17\/graves-danos-en-villa-dominico-y-wilde-por-el-temporal\/","title":{"rendered":"Graves da\u00f1os en Villa Dom\u00ednico y Wilde por el temporal"},"content":{"rendered":"<p><strong>El temporal que azot\u00f3 a la provincia de Buenos Aires provoc\u00f3 importantes da\u00f1os en los predios que Independiente tiene en Villa Dom\u00ednico y Wilde.<\/strong><\/p>\n<p>Desde la madrugada de este domingo, los fuertes vientos y la intensa lluvia generaron graves destrozos en distintas partes de la provincia.<strong> Las instalaciones del Rojo no se salvaron<\/strong>.<\/p>\n<p><a href=\"https:\/\/locoxelrojo.com\/independiente\/wp-content\/uploads\/2023\/12\/danos-en-el-predio-CAI.jpg\"><img loading=\"lazy\" class=\"alignnone wp-image-116545 size-large\" src=\"https:\/\/locoxelrojo.com\/independiente\/wp-content\/uploads\/2023\/12\/danos-en-el-predio-CAI-714x1024.jpg\" alt=\"da\u00f1os predio CAI\" width=\"696\" height=\"998\" srcset=\"https:\/\/locoxelrojo.com\/independiente\/wp-content\/uploads\/2023\/12\/danos-en-el-predio-CAI-714x1024.jpg 714w, https:\/\/locoxelrojo.com\/independiente\/wp-content\/uploads\/2023\/12\/danos-en-el-predio-CAI-209x300.jpg 209w, https:\/\/locoxelrojo.com\/independiente\/wp-content\/uploads\/2023\/12\/danos-en-el-predio-CAI-768x1102.jpg 768w, https:\/\/locoxelrojo.com\/independiente\/wp-content\/uploads\/2023\/12\/danos-en-el-predio-CAI-1070x1536.jpg 1070w, https:\/\/locoxelrojo.com\/independiente\/wp-content\/uploads\/2023\/12\/danos-en-el-predio-CAI-696x999.jpg 696w, https:\/\/locoxelrojo.com\/independiente\/wp-content\/uploads\/2023\/12\/danos-en-el-predio-CAI-1068x1533.jpg 1068w, https:\/\/locoxelrojo.com\/independiente\/wp-content\/uploads\/2023\/12\/danos-en-el-predio-CAI-293x420.jpg 293w, https:\/\/locoxelrojo.com\/independiente\/wp-content\/uploads\/2023\/12\/danos-en-el-predio-CAI.jpg 1200w\" sizes=\"(max-width: 696px) 100vw, 696px\" \/><\/a><\/p>\n<p>A trav\u00e9s de un comunicado oficial, desde el club contaron que<strong> &#8220;los predios deportivos y recreativos de Wilde y Villa Dom\u00ednico se vieron sumamente afectados&#8221;<\/strong>. Afortunadamente no hubo personas heridas, aunque <strong>&#8220;se registraron importantes da\u00f1os edilicios en ambas locaciones&#8221;<\/strong>.<\/p>\n<p>Las im\u00e1genes que llegaron desde los predios son devastadoras. Hubo serios da\u00f1os en las instalaciones del f\u00fatbol profesional y juvenil. <strong>Cayeron torres de iluminaci\u00f3n, se vinieron abajo los techos de los vestuarios, se salieron las ventanas, se rompieron vidrios y cayeron \u00e1rboles sobre los bancos de suplentes<\/strong>.<\/p>\n<p><a href=\"https:\/\/locoxelrojo.com\/independiente\/wp-content\/uploads\/2023\/12\/danos-vestuario.jpg\"><img loading=\"lazy\" class=\"alignnone wp-image-116546 size-large\" src=\"https:\/\/locoxelrojo.com\/independiente\/wp-content\/uploads\/2023\/12\/danos-vestuario-1024x768.jpg\" alt=\"da\u00f1os vestuario\" width=\"696\" height=\"522\" srcset=\"https:\/\/locoxelrojo.com\/independiente\/wp-content\/uploads\/2023\/12\/danos-vestuario-1024x768.jpg 1024w, https:\/\/locoxelrojo.com\/independiente\/wp-content\/uploads\/2023\/12\/danos-vestuario-300x225.jpg 300w, https:\/\/locoxelrojo.com\/independiente\/wp-content\/uploads\/2023\/12\/danos-vestuario-768x576.jpg 768w, https:\/\/locoxelrojo.com\/independiente\/wp-content\/uploads\/2023\/12\/danos-vestuario-80x60.jpg 80w, https:\/\/locoxelrojo.com\/independiente\/wp-content\/uploads\/2023\/12\/danos-vestuario-265x198.jpg 265w, https:\/\/locoxelrojo.com\/independiente\/wp-content\/uploads\/2023\/12\/danos-vestuario-696x522.jpg 696w, https:\/\/locoxelrojo.com\/independiente\/wp-content\/uploads\/2023\/12\/danos-vestuario-1068x801.jpg 1068w, https:\/\/locoxelrojo.com\/independiente\/wp-content\/uploads\/2023\/12\/danos-vestuario-560x420.jpg 560w, https:\/\/locoxelrojo.com\/independiente\/wp-content\/uploads\/2023\/12\/danos-vestuario.jpg 1280w\" sizes=\"(max-width: 696px) 100vw, 696px\" \/><\/a><\/p>\n<p><strong>&#8220;En estos momentos, los equipos t\u00e9cnicos y de mantenimiento que se encuentran a cargo de las intendencias de ambos predios est\u00e1n relevando el estado de los mismos para comenzar lo antes posible con la reconstrucci\u00f3n de las instalaciones afectadas&#8221;<\/strong>, informaron desdel club.<\/p>\n","protected":false},"excerpt":{"rendered":"<p>El temporal que azot\u00f3 a la provincia de Buenos Aires provoc\u00f3 importantes da\u00f1os en los predios que Independiente tiene en Villa Dom\u00ednico y Wilde. Desde la madrugada de este domingo, los fuertes vientos y la intensa lluvia generaron graves destrozos en distintas partes de la provincia. Las instalaciones del Rojo no se salvaron. A trav\u00e9s [&hellip;]<\/p>\n","protected":false},"author":8,"featured_media":116544,"comment_status":"open","ping_status":"closed","sticky":false,"template":"","format":"standard","meta":{"_links_to":"","_links_to_target":""},"categories":[3280,3247],"tags":[153,3486,390,5557],"_links":{"self":[{"href":"https:\/\/www.locoxelrojo.com\/independiente\/wp-json\/wp\/v2\/posts\/116542"}],"collection":[{"href":"https:\/\/www.locoxelrojo.com\/independiente\/wp-json\/wp\/v2\/posts"}],"about":[{"href":"https:\/\/www.locoxelrojo.com\/independiente\/wp-json\/wp\/v2\/types\/post"}],"author":[{"embeddable":true,"href":"https:\/\/www.locoxelrojo.com\/independiente\/wp-json\/wp\/v2\/users\/8"}],"replies":[{"embeddable":true,"href":"https:\/\/www.locoxelrojo.com\/independiente\/wp-json\/wp\/v2\/comments?post=116542"}],"version-history":[{"count":2,"href":"https:\/\/www.locoxelrojo.com\/independiente\/wp-json\/wp\/v2\/posts\/116542\/revisions"}],"predecessor-version":[{"id":116547,"href":"https:\/\/www.locoxelrojo.com\/independiente\/wp-json\/wp\/v2\/posts\/116542\/revisions\/116547"}],"wp:featuredmedia":[{"embeddable":true,"href":"https:\/\/www.locoxelrojo.com\/independiente\/wp-json\/wp\/v2\/media\/116544"}],"wp:attachment":[{"href":"https:\/\/www.locoxelrojo.com\/independiente\/wp-json\/wp\/v2\/media?parent=116542"}],"wp:term":[{"taxonomy":"category","embeddable":true,"href":"https:\/\/www.locoxelrojo.com\/independiente\/wp-json\/wp\/v2\/categories?post=116542"},{"taxonomy":"post_tag","embeddable":true,"href":"https:\/\/www.locoxelrojo.com\/independiente\/wp-json\/wp\/v2\/tags?post=116542"}],"curies":[{"name":"wp","href":"https:\/\/api.w.org\/{rel}","templated":true}]}}