{"id":116567,"date":"2023-12-19T16:22:24","date_gmt":"2023-12-19T19:22:24","guid":{"rendered":"https:\/\/www.locoxelrojo.com\/independiente\/?p=116567"},"modified":"2023-12-19T16:22:24","modified_gmt":"2023-12-19T19:22:24","slug":"buscan-extender-el-vinculo-con-tocalli","status":"publish","type":"post","link":"https:\/\/www.locoxelrojo.com\/independiente\/2023\/12\/19\/buscan-extender-el-vinculo-con-tocalli\/","title":{"rendered":"Buscan extender el v\u00ednculo con Tocalli"},"content":{"rendered":"<p><strong>Hugo Tocalli recibi\u00f3 el ofrecimiento de Independiente para extender su v\u00ednculo con el club.<\/strong><\/p>\n<p><strong>Los dirigentes buscan un proyecto a largo plazo.<\/strong> Tal como hicieron con Carlos Tevez, llevando la finalizaci\u00f3n de su contrato hasta el final del mandato de N\u00e9stor Grindetti, lo mismo intentar\u00e1n hacer con Tocalli.<\/p>\n<p>Actualmente, <strong>tiene contrato vigente y finaliza en diciembre 2024.<\/strong> La idea es actualizarlo, que contin\u00fae en el cargo de coordinador de las divisiones inferiores, pero <strong>extender hasta diciembre 2026<\/strong>.<\/p>\n<p><strong>&#8220;Estamos altamente satisfechos con \u00e9l. El punto de partida era sumamente complejo. Encontramos un club complicado en la infraestructura, equipamiento y planteles desbalanceados. Un a\u00f1o despu\u00e9s, a pesar de las complicaciones que tuvo, comenzamos a ver los frutos con chicos de su trabajo de scouting en selecciones, mejoras en metodolog\u00edas de entrenamientos, de juego y se reorganiz\u00f3 el \u00e1rea de captaci\u00f3n&#8221;<\/strong>, expres\u00f3 el secretario deportivo Esteban S\u00e1enz Rico en Rojos de Pasi\u00f3n.<\/p>\n<p><strong>&#8220;Le hemos ofrecido que nos acompa\u00f1e hasta el final de nuestro mandato. Lo tom\u00f3 con mucho agrado, a\u00fan no hay nada firmado, pero tenemos que trabajar en los detalles del contrato&#8221;<\/strong>, cerr\u00f3.<\/p>\n","protected":false},"excerpt":{"rendered":"<p>Hugo Tocalli recibi\u00f3 el ofrecimiento de Independiente para extender su v\u00ednculo con el club. Los dirigentes buscan un proyecto a largo plazo. Tal como hicieron con Carlos Tevez, llevando la finalizaci\u00f3n de su contrato hasta el final del mandato de N\u00e9stor Grindetti, lo mismo intentar\u00e1n hacer con Tocalli. Actualmente, tiene contrato vigente y finaliza en [&hellip;]<\/p>\n","protected":false},"author":1,"featured_media":116568,"comment_status":"open","ping_status":"closed","sticky":false,"template":"","format":"standard","meta":{"_links_to":"","_links_to_target":""},"categories":[3280,3247],"tags":[153,5454,5345],"_links":{"self":[{"href":"https:\/\/www.locoxelrojo.com\/independiente\/wp-json\/wp\/v2\/posts\/116567"}],"collection":[{"href":"https:\/\/www.locoxelrojo.com\/independiente\/wp-json\/wp\/v2\/posts"}],"about":[{"href":"https:\/\/www.locoxelrojo.com\/independiente\/wp-json\/wp\/v2\/types\/post"}],"author":[{"embeddable":true,"href":"https:\/\/www.locoxelrojo.com\/independiente\/wp-json\/wp\/v2\/users\/1"}],"replies":[{"embeddable":true,"href":"https:\/\/www.locoxelrojo.com\/independiente\/wp-json\/wp\/v2\/comments?post=116567"}],"version-history":[{"count":1,"href":"https:\/\/www.locoxelrojo.com\/independiente\/wp-json\/wp\/v2\/posts\/116567\/revisions"}],"predecessor-version":[{"id":116569,"href":"https:\/\/www.locoxelrojo.com\/independiente\/wp-json\/wp\/v2\/posts\/116567\/revisions\/116569"}],"wp:featuredmedia":[{"embeddable":true,"href":"https:\/\/www.locoxelrojo.com\/independiente\/wp-json\/wp\/v2\/media\/116568"}],"wp:attachment":[{"href":"https:\/\/www.locoxelrojo.com\/independiente\/wp-json\/wp\/v2\/media?parent=116567"}],"wp:term":[{"taxonomy":"category","embeddable":true,"href":"https:\/\/www.locoxelrojo.com\/independiente\/wp-json\/wp\/v2\/categories?post=116567"},{"taxonomy":"post_tag","embeddable":true,"href":"https:\/\/www.locoxelrojo.com\/independiente\/wp-json\/wp\/v2\/tags?post=116567"}],"curies":[{"name":"wp","href":"https:\/\/api.w.org\/{rel}","templated":true}]}}