{"id":11658,"date":"2011-10-04T18:45:45","date_gmt":"2011-10-04T21:45:45","guid":{"rendered":"http:\/\/www.locoxelrojo.com.ar\/independiente\/?p=11658"},"modified":"2011-10-04T19:19:17","modified_gmt":"2011-10-04T22:19:17","slug":"ramon-diaz-quiero-recuperar-a-todos","status":"publish","type":"post","link":"https:\/\/www.locoxelrojo.com\/independiente\/2011\/10\/04\/ramon-diaz-quiero-recuperar-a-todos\/","title":{"rendered":"Ram\u00f3n D\u00edaz: &#8220;Quiero recuperar a todos&#8221;"},"content":{"rendered":"<p><a href=\"http:\/\/www.locoxelrojo.com.ar\/independiente\/wp-content\/uploads\/2011\/10\/ramon_diaz.jpg\"><img loading=\"lazy\" class=\"alignnone size-full wp-image-11659\" title=\"ramon_diaz\" src=\"http:\/\/www.locoxelrojo.com.ar\/independiente\/wp-content\/uploads\/2011\/10\/ramon_diaz.jpg\" alt=\"\" width=\"590\" height=\"315\" srcset=\"https:\/\/locoxelrojo.com\/independiente\/wp-content\/uploads\/2011\/10\/ramon_diaz.jpg 590w, https:\/\/locoxelrojo.com\/independiente\/wp-content\/uploads\/2011\/10\/ramon_diaz-300x160.jpg 300w\" sizes=\"(max-width: 590px) 100vw, 590px\" \/><\/a><\/p>\n<p>Al t\u00e9rmino del entrenamiento en el predio de Villa Dom\u00ednico Ram\u00f3n D\u00edaz habl\u00f3 con Alejandro Parmo para <strong>90 minutos en Fox Sports<\/strong> y cont\u00f3 que quiere recuperar a varios jugadores importantes del plantel como Hern\u00e1n Fredes y Patricio Rodr\u00edguez. Adem\u00e1s qued\u00f3 conforme con lo que realiz\u00f3 el equipo en el Cl\u00e1sico pero todav\u00eda hay mucho por mejorar.<\/p>\n<p><strong>&#8220;Hay cosas para destacar. Fue realmente positivo&#8221;<\/strong>, cont\u00f3 Ram\u00f3n en referencia al partido con Racing. <strong>&#8220;Fue bueno, m\u00e1s all\u00e1 de que termin\u00f3 en empate. Hubo un planteo t\u00e1ctico inteligente y excepto el comienzo, d\u00f3nde nos meten el gol, presionamos y estuvimos muy atentos&#8221;<\/strong>, agreg\u00f3.<\/p>\n<p><strong>&#8220;No es habitual que un equipo de visitante y arrancando perdiendo enseguida, controle jugadores importantes y el partido. Hicimos un buen planteo, presionando por momentos y controlando a los dos jugadores colombianos y las subidas de Licht&#8221;<\/strong>, ampli\u00f3 el entrenador, muy conforme con lo que realizaron sus dirigidos en el partido.<\/p>\n<p><strong>&#8220;Hay jugadores que estan levantando el nivel y estoy contento por eso. Me gustaria que el equipo presione los 90 minutos y no s\u00f3lo 45, pero entiendo que est\u00e1n mal en lo f\u00edsico y hay mucho por mejorar&#8221;<\/strong>, dijo el Pelado.<\/p>\n<p>A partir de ma\u00f1ana, D\u00edaz comienza con los trabajos en doble turno aprovechando el receso por las eliminatorias para recuperar a todos los jugadores que est\u00e1n mal f\u00edsicamente. <strong>&#8220;Ya estamos trabajando, hoy hicimos pesas y trabajamos en lo f\u00edsico. Se viene el doble turno ma\u00f1ana y el viernes&#8221;<\/strong>, manifest\u00f3 el DT.<\/p>\n<p>Pero su deseo es poder tener lo m\u00e1s r\u00e1pido posible en \u00f3ptimas condiciones a Patricio Rodr\u00edguez y a Hern\u00e1n Fredes. <strong>&#8220;Quiero recuperar a todos. A Fredes y al Pato quiero tenerlos adentro de la cancha para poder trabajar con ellos&#8221;<\/strong>, cerr\u00f3.  <\/p>\n","protected":false},"excerpt":{"rendered":"<p>Al t\u00e9rmino del entrenamiento en el predio de Villa Dom\u00ednico Ram\u00f3n D\u00edaz habl\u00f3 con Alejandro Parmo para 90 minutos en Fox Sports y cont\u00f3 que quiere recuperar a varios jugadores importantes del plantel como Hern\u00e1n Fredes y Patricio Rodr\u00edguez. Adem\u00e1s qued\u00f3 conforme con lo que realiz\u00f3 el equipo en el Cl\u00e1sico pero todav\u00eda hay mucho [&hellip;]<\/p>\n","protected":false},"author":1,"featured_media":0,"comment_status":"open","ping_status":"open","sticky":false,"template":"","format":"standard","meta":{"_links_to":"","_links_to_target":""},"categories":[3,1],"tags":[563,44,134,153,350,71,41,500],"_links":{"self":[{"href":"https:\/\/www.locoxelrojo.com\/independiente\/wp-json\/wp\/v2\/posts\/11658"}],"collection":[{"href":"https:\/\/www.locoxelrojo.com\/independiente\/wp-json\/wp\/v2\/posts"}],"about":[{"href":"https:\/\/www.locoxelrojo.com\/independiente\/wp-json\/wp\/v2\/types\/post"}],"author":[{"embeddable":true,"href":"https:\/\/www.locoxelrojo.com\/independiente\/wp-json\/wp\/v2\/users\/1"}],"replies":[{"embeddable":true,"href":"https:\/\/www.locoxelrojo.com\/independiente\/wp-json\/wp\/v2\/comments?post=11658"}],"version-history":[{"count":0,"href":"https:\/\/www.locoxelrojo.com\/independiente\/wp-json\/wp\/v2\/posts\/11658\/revisions"}],"wp:attachment":[{"href":"https:\/\/www.locoxelrojo.com\/independiente\/wp-json\/wp\/v2\/media?parent=11658"}],"wp:term":[{"taxonomy":"category","embeddable":true,"href":"https:\/\/www.locoxelrojo.com\/independiente\/wp-json\/wp\/v2\/categories?post=11658"},{"taxonomy":"post_tag","embeddable":true,"href":"https:\/\/www.locoxelrojo.com\/independiente\/wp-json\/wp\/v2\/tags?post=11658"}],"curies":[{"name":"wp","href":"https:\/\/api.w.org\/{rel}","templated":true}]}}