{"id":116628,"date":"2023-12-24T18:31:13","date_gmt":"2023-12-24T21:31:13","guid":{"rendered":"https:\/\/www.locoxelrojo.com\/independiente\/?p=116628"},"modified":"2023-12-24T18:49:11","modified_gmt":"2023-12-24T21:49:11","slug":"anuario-2023-baez-el-mas-regular","status":"publish","type":"post","link":"https:\/\/www.locoxelrojo.com\/independiente\/2023\/12\/24\/anuario-2023-baez-el-mas-regular\/","title":{"rendered":"Anuario 2023: B\u00e1ez, se fue el m\u00e1s regular"},"content":{"rendered":"<p><strong>Continuando con el an\u00e1lisis de los refuerzos, ahora le toca a un viejo conocido. Javier B\u00e1ez volvi\u00f3 a Independiente luego de 13 a\u00f1os y se asent\u00f3 como marcador central.<\/strong><\/p>\n<p>El defensor lleg\u00f3 libre, luego de su paso por Rosario Central en la temporada pasada, y <strong>firm\u00f3 por 1 a\u00f1o<\/strong> con la instituci\u00f3n.<\/p>\n<p><strong>Empez\u00f3 como lateral derecho<\/strong>, pero no tuvo el rendimiento esperado, ya que es un jugador de condiciones f\u00edsicas fuertes, alto y sin velocidad. <strong>Cuando fue trasladado a defensor central se mantuvo firme y regular<\/strong> durante todo el a\u00f1o.<\/p>\n<p>B\u00e1ez fue uno de los referentes del equipo por su edad y su pasado en el Rojo. Junto a Iv\u00e1n Marcone, <strong>gener\u00f3 un sentido de pertenencia<\/strong> que el hincha siempre remarc\u00f3 y le agradeci\u00f3.<\/p>\n<p>El Pala <strong>disput\u00f3 39 partidos<\/strong> en el a\u00f1o, entre Liga Profesional, Copa de la Liga y Copa Argentina.<strong> Marc\u00f3 un gol<\/strong> frente a Rosario Central y gener\u00f3 una asistencia en la victoria ante Central C\u00f3rdoba.<\/p>\n<p>Si bien el jugador reconoci\u00f3 p\u00fablicamente que quer\u00eda quedarse en Independiente, <a href=\"https:\/\/www.locoxelrojo.com\/independiente\/2023\/12\/15\/baez-se-fue-de-independiente\/\">le lleg\u00f3 una oferta de Cerro Porte\u00f1o y decidi\u00f3 no renovar<\/a> su contrato.<\/p>\n","protected":false},"excerpt":{"rendered":"<p>Continuando con el an\u00e1lisis de los refuerzos, ahora le toca a un viejo conocido. Javier B\u00e1ez volvi\u00f3 a Independiente luego de 13 a\u00f1os y se asent\u00f3 como marcador central. El defensor lleg\u00f3 libre, luego de su paso por Rosario Central en la temporada pasada, y firm\u00f3 por 1 a\u00f1o con la instituci\u00f3n. Empez\u00f3 como lateral [&hellip;]<\/p>\n","protected":false},"author":101035,"featured_media":116630,"comment_status":"open","ping_status":"closed","sticky":false,"template":"","format":"standard","meta":{"_links_to":"","_links_to_target":""},"categories":[5562,3247],"tags":[5564,153,221],"_links":{"self":[{"href":"https:\/\/www.locoxelrojo.com\/independiente\/wp-json\/wp\/v2\/posts\/116628"}],"collection":[{"href":"https:\/\/www.locoxelrojo.com\/independiente\/wp-json\/wp\/v2\/posts"}],"about":[{"href":"https:\/\/www.locoxelrojo.com\/independiente\/wp-json\/wp\/v2\/types\/post"}],"author":[{"embeddable":true,"href":"https:\/\/www.locoxelrojo.com\/independiente\/wp-json\/wp\/v2\/users\/101035"}],"replies":[{"embeddable":true,"href":"https:\/\/www.locoxelrojo.com\/independiente\/wp-json\/wp\/v2\/comments?post=116628"}],"version-history":[{"count":3,"href":"https:\/\/www.locoxelrojo.com\/independiente\/wp-json\/wp\/v2\/posts\/116628\/revisions"}],"predecessor-version":[{"id":116634,"href":"https:\/\/www.locoxelrojo.com\/independiente\/wp-json\/wp\/v2\/posts\/116628\/revisions\/116634"}],"wp:featuredmedia":[{"embeddable":true,"href":"https:\/\/www.locoxelrojo.com\/independiente\/wp-json\/wp\/v2\/media\/116630"}],"wp:attachment":[{"href":"https:\/\/www.locoxelrojo.com\/independiente\/wp-json\/wp\/v2\/media?parent=116628"}],"wp:term":[{"taxonomy":"category","embeddable":true,"href":"https:\/\/www.locoxelrojo.com\/independiente\/wp-json\/wp\/v2\/categories?post=116628"},{"taxonomy":"post_tag","embeddable":true,"href":"https:\/\/www.locoxelrojo.com\/independiente\/wp-json\/wp\/v2\/tags?post=116628"}],"curies":[{"name":"wp","href":"https:\/\/api.w.org\/{rel}","templated":true}]}}