{"id":116650,"date":"2023-12-26T14:36:49","date_gmt":"2023-12-26T17:36:49","guid":{"rendered":"https:\/\/www.locoxelrojo.com\/independiente\/?p=116650"},"modified":"2023-12-26T14:36:49","modified_gmt":"2023-12-26T17:36:49","slug":"anuario-2023-cuero-un-socio-que-no-estuvo-a-la-altura","status":"publish","type":"post","link":"https:\/\/www.locoxelrojo.com\/independiente\/2023\/12\/26\/anuario-2023-cuero-un-socio-que-no-estuvo-a-la-altura\/","title":{"rendered":"Anuario 2023: Cuero, un socio que no estuvo a la altura"},"content":{"rendered":"<p><strong>Mauricio Cuero<\/strong> lleg\u00f3 libre desde Banfield. <strong>Su poco compromiso, dentro y fuera de la cancha, llev\u00f3 a la rescisi\u00f3n del contrato.<\/strong><\/p>\n<p>Su arribo fue pol\u00e9mico, avalado por la dirigencia y el ex manager Pablo Cavallero. Firm\u00f3 hasta diciembre de 2024, pero <strong>no estuvo a la altura y se fue antes de tiempo<\/strong>.<\/p>\n<p>El extremo colombiano vino con poca continuidad y, como era de esperar, su paso por Independiente fue p\u00e9simo,<strong> convirti\u00e9ndolo en uno de los peores refuerzos del a\u00f1o<\/strong>. Sufri\u00f3 lesiones musculares y se resinti\u00f3 varias veces, <strong>perdi\u00e9ndose 7 partidos del primer semestre<\/strong> y, cuando jug\u00f3, <strong>se lo not\u00f3 con falta de ritmo y con poco compromiso<\/strong>.<\/p>\n<p><strong>Disput\u00f3 11 partidos, solo 3 como titular, y no anot\u00f3 goles ni asistencias. Sum\u00f3 un total de 401 minutos.<\/strong> Finalmente, <a href=\"https:\/\/www.locoxelrojo.com\/independiente\/2023\/06\/27\/cuero-rescindio-y-no-es-mas-jugador-del-rojo\/\">Cuero finaliz\u00f3 su v\u00ednculo de com\u00fan acuerdo en junio de este a\u00f1o<\/a>.<\/p>\n","protected":false},"excerpt":{"rendered":"<p>Mauricio Cuero lleg\u00f3 libre desde Banfield. Su poco compromiso, dentro y fuera de la cancha, llev\u00f3 a la rescisi\u00f3n del contrato. Su arribo fue pol\u00e9mico, avalado por la dirigencia y el ex manager Pablo Cavallero. Firm\u00f3 hasta diciembre de 2024, pero no estuvo a la altura y se fue antes de tiempo. El extremo colombiano [&hellip;]<\/p>\n","protected":false},"author":101034,"featured_media":112802,"comment_status":"open","ping_status":"closed","sticky":false,"template":"","format":"standard","meta":{"_links_to":"","_links_to_target":""},"categories":[5562,3247],"tags":[5564,153,5320],"_links":{"self":[{"href":"https:\/\/www.locoxelrojo.com\/independiente\/wp-json\/wp\/v2\/posts\/116650"}],"collection":[{"href":"https:\/\/www.locoxelrojo.com\/independiente\/wp-json\/wp\/v2\/posts"}],"about":[{"href":"https:\/\/www.locoxelrojo.com\/independiente\/wp-json\/wp\/v2\/types\/post"}],"author":[{"embeddable":true,"href":"https:\/\/www.locoxelrojo.com\/independiente\/wp-json\/wp\/v2\/users\/101034"}],"replies":[{"embeddable":true,"href":"https:\/\/www.locoxelrojo.com\/independiente\/wp-json\/wp\/v2\/comments?post=116650"}],"version-history":[{"count":1,"href":"https:\/\/www.locoxelrojo.com\/independiente\/wp-json\/wp\/v2\/posts\/116650\/revisions"}],"predecessor-version":[{"id":116651,"href":"https:\/\/www.locoxelrojo.com\/independiente\/wp-json\/wp\/v2\/posts\/116650\/revisions\/116651"}],"wp:featuredmedia":[{"embeddable":true,"href":"https:\/\/www.locoxelrojo.com\/independiente\/wp-json\/wp\/v2\/media\/112802"}],"wp:attachment":[{"href":"https:\/\/www.locoxelrojo.com\/independiente\/wp-json\/wp\/v2\/media?parent=116650"}],"wp:term":[{"taxonomy":"category","embeddable":true,"href":"https:\/\/www.locoxelrojo.com\/independiente\/wp-json\/wp\/v2\/categories?post=116650"},{"taxonomy":"post_tag","embeddable":true,"href":"https:\/\/www.locoxelrojo.com\/independiente\/wp-json\/wp\/v2\/tags?post=116650"}],"curies":[{"name":"wp","href":"https:\/\/api.w.org\/{rel}","templated":true}]}}