{"id":116701,"date":"2023-12-28T20:35:20","date_gmt":"2023-12-28T23:35:20","guid":{"rendered":"https:\/\/www.locoxelrojo.com\/independiente\/?p=116701"},"modified":"2023-12-29T01:08:28","modified_gmt":"2023-12-29T04:08:28","slug":"tevez-y-los-refuerzos-que-falta-y-quienes-estan-en-carpeta","status":"publish","type":"post","link":"https:\/\/www.locoxelrojo.com\/independiente\/2023\/12\/28\/tevez-y-los-refuerzos-que-falta-y-quienes-estan-en-carpeta\/","title":{"rendered":"Tevez y los refuerzos: qu\u00e9 falta y qui\u00e9nes est\u00e1n en carpeta"},"content":{"rendered":"<p><strong>Un tema principal para Independiente de cara al 2024 son los refuerzos. Carlos Tevez habl\u00f3 del tema en conferencia de prensa.<\/strong><\/p>\n<p>La condici\u00f3n para que Carlitos siguiera al mando del equipo fue que la dirigencia cumpla con los pedidos para reforzar al plantel. Hasta ahora, el DT tiene cuatro caras nuevas.<\/p>\n<p><strong>&#8220;Hace dos meses estamos trabajando con el tema refuerzos. La gente debe entender el contexto, Independiente necesita vender para invertir y traer. Creo que estamos yendo por el buen camino, trabajando para armar el mejor plantel posible para el a\u00f1o pr\u00f3ximo&#8221;<\/strong>, coment\u00f3 Tevez sobre la exigencia de los hinchas.<\/p>\n<p>Sobre sus pedidos y lo que le hace falta al equipo, detall\u00f3: <strong>&#8220;Nos falta un mediocampista y un defensor, con eso seguramente ya estaremos&#8221;<\/strong>. Dos de los nombres en esas posiciones que sonaron muy fuerte fueron Johnny Qui\u00f1\u00f3nez y Alan Franco. Al respecto, Carlitos coment\u00f3: <strong>&#8220;Qui\u00f1\u00f3nez es prioridad para m\u00ed porque me gustan los volantes que van de \u00e1rea a \u00e1rea. Si no podemos traerlo, habr\u00e1 que pensar en otras opciones. A Franco lo llam\u00e9 y le dije que lo necesitaba en el club para pelear el torneo, pero no est\u00e1 f\u00e1cil la negociaci\u00f3n&#8221;<\/strong>.<\/p>\n<p>Por \u00faltimo, Tevez habl\u00f3 sobre los cuatro refuerzos que ya se est\u00e1n entrenando con el plantel: <strong>&#8220;Tenemos chicos como Sporle y Maestro Puch que tienen m\u00e1s experiencia en Primera, con varios partidos. \u00c1valos era mi prioridad. Luna es una apuesta que creo que podemos hacerlo crecer much\u00edsimo y puede pelearle el puesto a cualquiera de los grandes&#8221;<\/strong>.<\/p>\n","protected":false},"excerpt":{"rendered":"<p>Un tema principal para Independiente de cara al 2024 son los refuerzos. Carlos Tevez habl\u00f3 del tema en conferencia de prensa. La condici\u00f3n para que Carlitos siguiera al mando del equipo fue que la dirigencia cumpla con los pedidos para reforzar al plantel. Hasta ahora, el DT tiene cuatro caras nuevas. &#8220;Hace dos meses estamos [&hellip;]<\/p>\n","protected":false},"author":101035,"featured_media":116705,"comment_status":"open","ping_status":"closed","sticky":false,"template":"","format":"standard","meta":{"_links_to":"","_links_to_target":""},"categories":[3247,3],"tags":[5279,153],"_links":{"self":[{"href":"https:\/\/www.locoxelrojo.com\/independiente\/wp-json\/wp\/v2\/posts\/116701"}],"collection":[{"href":"https:\/\/www.locoxelrojo.com\/independiente\/wp-json\/wp\/v2\/posts"}],"about":[{"href":"https:\/\/www.locoxelrojo.com\/independiente\/wp-json\/wp\/v2\/types\/post"}],"author":[{"embeddable":true,"href":"https:\/\/www.locoxelrojo.com\/independiente\/wp-json\/wp\/v2\/users\/101035"}],"replies":[{"embeddable":true,"href":"https:\/\/www.locoxelrojo.com\/independiente\/wp-json\/wp\/v2\/comments?post=116701"}],"version-history":[{"count":2,"href":"https:\/\/www.locoxelrojo.com\/independiente\/wp-json\/wp\/v2\/posts\/116701\/revisions"}],"predecessor-version":[{"id":116707,"href":"https:\/\/www.locoxelrojo.com\/independiente\/wp-json\/wp\/v2\/posts\/116701\/revisions\/116707"}],"wp:featuredmedia":[{"embeddable":true,"href":"https:\/\/www.locoxelrojo.com\/independiente\/wp-json\/wp\/v2\/media\/116705"}],"wp:attachment":[{"href":"https:\/\/www.locoxelrojo.com\/independiente\/wp-json\/wp\/v2\/media?parent=116701"}],"wp:term":[{"taxonomy":"category","embeddable":true,"href":"https:\/\/www.locoxelrojo.com\/independiente\/wp-json\/wp\/v2\/categories?post=116701"},{"taxonomy":"post_tag","embeddable":true,"href":"https:\/\/www.locoxelrojo.com\/independiente\/wp-json\/wp\/v2\/tags?post=116701"}],"curies":[{"name":"wp","href":"https:\/\/api.w.org\/{rel}","templated":true}]}}