{"id":116775,"date":"2024-01-02T17:19:42","date_gmt":"2024-01-02T20:19:42","guid":{"rendered":"https:\/\/www.locoxelrojo.com\/independiente\/?p=116775"},"modified":"2024-01-02T17:19:42","modified_gmt":"2024-01-02T20:19:42","slug":"grindetti-nos-damos-por-satisfechos-con-el-mercado-de-pases-realizado","status":"publish","type":"post","link":"https:\/\/www.locoxelrojo.com\/independiente\/2024\/01\/02\/grindetti-nos-damos-por-satisfechos-con-el-mercado-de-pases-realizado\/","title":{"rendered":"Grindetti: &#8220;Nos damos por satisfechos con el mercado de pases realizado&#8221;"},"content":{"rendered":"<p><strong>N\u00e9stor Grindetti<\/strong> habl\u00f3 con Radio Mitre y <strong>manifest\u00f3 su conformidad por el mercado de pases<\/strong> que realiz\u00f3 Independiente hasta el momento.<\/p>\n<p>Comenz\u00f3 el 2024 y el presidente del Rojo se refiri\u00f3 a los refuerzos que trajo. Los \u00faltimos d\u00edas, <strong><a href=\"https:\/\/www.locoxelrojo.com\/independiente\/2023\/12\/25\/regalo-de-navidad-avalos-el-primer-refuerzo\/\">Gabriel \u00c1valos<\/a>, <a href=\"https:\/\/www.locoxelrojo.com\/independiente\/2023\/12\/28\/sporle-firmo-y-es-el-segundo-refuerzo\/\">Adri\u00e1n Sp\u00f6rle<\/a>, <a href=\"https:\/\/www.locoxelrojo.com\/independiente\/2023\/12\/29\/alex-luna-fue-presentado-como-tercer-refuerzo\/\">Alex Luna<\/a> e <a href=\"https:\/\/www.locoxelrojo.com\/independiente\/2023\/12\/29\/ignacio-maestro-puch-se-convirtio-en-el-cuarto-refuerzo\/\">Ignacio Maestro Puch<\/a><\/strong> se sumaron a los trabajos y, hasta el momento, son las caras nuevas que tiene a disposici\u00f3n Carlos Tevez.<\/p>\n<p><strong>&#8220;Nosotros nos damos por satisfechos con el mercado de pases realizado&#8221;<\/strong>, expres\u00f3 el dirigente. Y sum\u00f3: <strong>&#8220;Todav\u00eda hay alguna que otra negociaci\u00f3n dando vuelta, pero todav\u00eda no hay nada cerrado y por eso prefiero no manifestarlo con certeza. Lo m\u00e1s importante ya lo cumplimos&#8221;<\/strong>.<\/p>\n<p>Es que Tevez a\u00fan no cuenta con el central que pidi\u00f3. Pr\u00e1cticamente ca\u00eddo lo de Alan Franco, <strong>el entrenador quiere un nombre fuerte para ese puesto<\/strong>, pero a los dirigentes se les est\u00e1 complicando encontrar uno. Tal es as\u00ed,<a href=\"https:\/\/www.locoxelrojo.com\/independiente\/2024\/01\/02\/cambio-de-planes-con-elizalde\/\"> que se decidi\u00f3 dar marcha atr\u00e1s con la salida de Edgar Elizalde<\/a>.<\/p>\n<p><strong>Juan Manuel Fedorco, defensor de 23 a\u00f1os de Nueva Chicago, es uno de los futbolistas que aparecen en el radar del Rojo<\/strong>, pero la idea es buscar alguien que tenga m\u00e1s experiencia en Primera Divisi\u00f3n.<\/p>\n","protected":false},"excerpt":{"rendered":"<p>N\u00e9stor Grindetti habl\u00f3 con Radio Mitre y manifest\u00f3 su conformidad por el mercado de pases que realiz\u00f3 Independiente hasta el momento. Comenz\u00f3 el 2024 y el presidente del Rojo se refiri\u00f3 a los refuerzos que trajo. Los \u00faltimos d\u00edas, Gabriel \u00c1valos, Adri\u00e1n Sp\u00f6rle, Alex Luna e Ignacio Maestro Puch se sumaron a los trabajos y, [&hellip;]<\/p>\n","protected":false},"author":1,"featured_media":112901,"comment_status":"open","ping_status":"closed","sticky":false,"template":"","format":"standard","meta":{"_links_to":"","_links_to_target":""},"categories":[3280,3247],"tags":[153,1455],"_links":{"self":[{"href":"https:\/\/www.locoxelrojo.com\/independiente\/wp-json\/wp\/v2\/posts\/116775"}],"collection":[{"href":"https:\/\/www.locoxelrojo.com\/independiente\/wp-json\/wp\/v2\/posts"}],"about":[{"href":"https:\/\/www.locoxelrojo.com\/independiente\/wp-json\/wp\/v2\/types\/post"}],"author":[{"embeddable":true,"href":"https:\/\/www.locoxelrojo.com\/independiente\/wp-json\/wp\/v2\/users\/1"}],"replies":[{"embeddable":true,"href":"https:\/\/www.locoxelrojo.com\/independiente\/wp-json\/wp\/v2\/comments?post=116775"}],"version-history":[{"count":1,"href":"https:\/\/www.locoxelrojo.com\/independiente\/wp-json\/wp\/v2\/posts\/116775\/revisions"}],"predecessor-version":[{"id":116776,"href":"https:\/\/www.locoxelrojo.com\/independiente\/wp-json\/wp\/v2\/posts\/116775\/revisions\/116776"}],"wp:featuredmedia":[{"embeddable":true,"href":"https:\/\/www.locoxelrojo.com\/independiente\/wp-json\/wp\/v2\/media\/112901"}],"wp:attachment":[{"href":"https:\/\/www.locoxelrojo.com\/independiente\/wp-json\/wp\/v2\/media?parent=116775"}],"wp:term":[{"taxonomy":"category","embeddable":true,"href":"https:\/\/www.locoxelrojo.com\/independiente\/wp-json\/wp\/v2\/categories?post=116775"},{"taxonomy":"post_tag","embeddable":true,"href":"https:\/\/www.locoxelrojo.com\/independiente\/wp-json\/wp\/v2\/tags?post=116775"}],"curies":[{"name":"wp","href":"https:\/\/api.w.org\/{rel}","templated":true}]}}