{"id":116804,"date":"2024-01-04T13:03:36","date_gmt":"2024-01-04T16:03:36","guid":{"rendered":"https:\/\/www.locoxelrojo.com\/independiente\/?p=116804"},"modified":"2024-01-04T13:03:36","modified_gmt":"2024-01-04T16:03:36","slug":"p-moyano-nos-mandamos-un-monton-de-cagadas","status":"publish","type":"post","link":"https:\/\/www.locoxelrojo.com\/independiente\/2024\/01\/04\/p-moyano-nos-mandamos-un-monton-de-cagadas\/","title":{"rendered":"P. Moyano: &#8220;Nos mandamos un mont\u00f3n de cagadas&#8221;"},"content":{"rendered":"<p><strong>Pablo Moyano<\/strong>, ex vicepresidente, se refiri\u00f3 a su pasado como dirigente del club y resalt\u00f3 una similitud con el actual presidente N\u00e9stor Grindetti.<\/p>\n<p>La gesti\u00f3n Moyano en Independiente fue una de las etapas m\u00e1s oscuras en la historia. Agrav\u00f3 a\u00fan m\u00e1s la situaci\u00f3n econ\u00f3mica y van a pasar varios a\u00f1os para estabilizarla. Hoy en d\u00eda alejado del Rojo y enfocado en la lucha de la CGT con el gobierno de Javier Milei, en una entrevista con Radio Continental se le pregunt\u00f3 por su paso en el club y <strong>sorprendi\u00f3 con una fuerte autocr\u00edtica<\/strong>.<\/p>\n<p><strong>&#8220;\u00bfSab\u00e9s la que pusimos en el club durante 8 a\u00f1os? Con todos los errores, hicimos la cancha, ganamos dos copas y terminamos los predios&#8221;<\/strong>, arranc\u00f3. Y continu\u00f3: <strong>&#8220;Hicimos mucho m\u00e1s, nos mandamos un mont\u00f3n de cagadas y asumimos los errores, pero nunca fue con intenci\u00f3n de perjudicar al club&#8221;<\/strong>.<\/p>\n<p>Luego, ironiz\u00f3 con su posible vuelta al Libertadores de Am\u00e9rica &#8211; Ricardo Enrique Bochini: <strong>&#8220;\u00bfPor qu\u00e9 no voy a ir a la cancha de Independiente? Una puteada m\u00e1s, una puteada menos&#8221;<\/strong>.<\/p>\n<p>Para cerrar, en tiempos donde se busca privatizar todo, destac\u00f3 el pensamiento que comparte con Grindetti. <strong>&#8220;M\u00e1s all\u00e1 de las diferencias que puedo tener, \u00e9l ya dijo p\u00fablicamente que est\u00e1 en contra de las Sociedades An\u00f3nimas Deportivas, ah\u00ed estamos de acuerdo&#8221;<\/strong>, cerr\u00f3.<\/p>\n","protected":false},"excerpt":{"rendered":"<p>Pablo Moyano, ex vicepresidente, se refiri\u00f3 a su pasado como dirigente del club y resalt\u00f3 una similitud con el actual presidente N\u00e9stor Grindetti. La gesti\u00f3n Moyano en Independiente fue una de las etapas m\u00e1s oscuras en la historia. Agrav\u00f3 a\u00fan m\u00e1s la situaci\u00f3n econ\u00f3mica y van a pasar varios a\u00f1os para estabilizarla. Hoy en d\u00eda [&hellip;]<\/p>\n","protected":false},"author":1,"featured_media":100433,"comment_status":"open","ping_status":"closed","sticky":false,"template":"","format":"standard","meta":{"_links_to":"","_links_to_target":""},"categories":[3280,3247],"tags":[153,1455,439],"_links":{"self":[{"href":"https:\/\/www.locoxelrojo.com\/independiente\/wp-json\/wp\/v2\/posts\/116804"}],"collection":[{"href":"https:\/\/www.locoxelrojo.com\/independiente\/wp-json\/wp\/v2\/posts"}],"about":[{"href":"https:\/\/www.locoxelrojo.com\/independiente\/wp-json\/wp\/v2\/types\/post"}],"author":[{"embeddable":true,"href":"https:\/\/www.locoxelrojo.com\/independiente\/wp-json\/wp\/v2\/users\/1"}],"replies":[{"embeddable":true,"href":"https:\/\/www.locoxelrojo.com\/independiente\/wp-json\/wp\/v2\/comments?post=116804"}],"version-history":[{"count":1,"href":"https:\/\/www.locoxelrojo.com\/independiente\/wp-json\/wp\/v2\/posts\/116804\/revisions"}],"predecessor-version":[{"id":116805,"href":"https:\/\/www.locoxelrojo.com\/independiente\/wp-json\/wp\/v2\/posts\/116804\/revisions\/116805"}],"wp:featuredmedia":[{"embeddable":true,"href":"https:\/\/www.locoxelrojo.com\/independiente\/wp-json\/wp\/v2\/media\/100433"}],"wp:attachment":[{"href":"https:\/\/www.locoxelrojo.com\/independiente\/wp-json\/wp\/v2\/media?parent=116804"}],"wp:term":[{"taxonomy":"category","embeddable":true,"href":"https:\/\/www.locoxelrojo.com\/independiente\/wp-json\/wp\/v2\/categories?post=116804"},{"taxonomy":"post_tag","embeddable":true,"href":"https:\/\/www.locoxelrojo.com\/independiente\/wp-json\/wp\/v2\/tags?post=116804"}],"curies":[{"name":"wp","href":"https:\/\/api.w.org\/{rel}","templated":true}]}}