{"id":116849,"date":"2024-01-06T19:54:00","date_gmt":"2024-01-06T22:54:00","guid":{"rendered":"https:\/\/www.locoxelrojo.com\/independiente\/?p=116849"},"modified":"2024-01-06T19:54:00","modified_gmt":"2024-01-06T22:54:00","slug":"rambert-quiere-buscar-minutos-en-otro-club","status":"publish","type":"post","link":"https:\/\/www.locoxelrojo.com\/independiente\/2024\/01\/06\/rambert-quiere-buscar-minutos-en-otro-club\/","title":{"rendered":"Rambert, quiere buscar minutos en otro club"},"content":{"rendered":"<p><strong>Tom\u00e1s Rambert<\/strong> quiere un 2024 con m\u00e1s oportunidades y busca salir de Independiente.<\/p>\n<p>Es una de las caras importantes que tiene la Reserva. Naci\u00f3 adentro del club, <strong>pero no tiene lugar en el plantel de Primera Divisi\u00f3n y hay varios equipos interesados en contar con \u00e9l. <\/strong><\/p>\n<p><strong>&#8220;He tenido ofertas y la idea hoy es sumar minutos en Primera. El plantel es amplio, llegar\u00e1n m\u00e1s jugadores y uno entiende que por ah\u00ed no tenga lugar&#8221;<\/strong>, expres\u00f3 en di\u00e1logo con Infierno Rojo.<\/p>\n<p><strong>&#8220;Yo llevo 17 a\u00f1os en Independiente, le tengo un cari\u00f1o enorme. Conozco el Complejo de Wilde, el Predio de Dom\u00ednico, a los utileros y hasta a la gente de las Infantiles. Mientras m\u00e1s ofertas as\u00ed tenga, mejor. Lo que uno quiere es salir y buscar esos minutos. La idea es conseguir algo que nos beneficie a los dos&#8221;<\/strong>, aclar\u00f3.<\/p>\n<p>Por el momento, continuar\u00e1 haciendo <a href=\"https:\/\/www.locoxelrojo.com\/independiente\/2024\/01\/05\/la-pretemporada-de-reserva-tambien-se-puso-en-marcha\/\">la pretemporada bajo las \u00f3rdenes de Pedro Monz\u00f3n<\/a>. Pero <strong>tanto los dirigentes de Independiente como su entorno buscan una salida para que pueda mostrarse<\/strong>. Esta temporada <strong>apenas sum\u00f3 3 partidos<\/strong> con la camiseta del Rojo, repartidos en 90 minutos.<\/p>\n<p><strong>Instituto de C\u00f3rdoba es qui\u00e9n est\u00e1 m\u00e1s cerca para llevarse al delantero.<\/strong><\/p>\n","protected":false},"excerpt":{"rendered":"<p>Tom\u00e1s Rambert quiere un 2024 con m\u00e1s oportunidades y busca salir de Independiente. Es una de las caras importantes que tiene la Reserva. Naci\u00f3 adentro del club, pero no tiene lugar en el plantel de Primera Divisi\u00f3n y hay varios equipos interesados en contar con \u00e9l. &#8220;He tenido ofertas y la idea hoy es sumar [&hellip;]<\/p>\n","protected":false},"author":1,"featured_media":116850,"comment_status":"open","ping_status":"closed","sticky":false,"template":"","format":"standard","meta":{"_links_to":"","_links_to_target":""},"categories":[3247,141],"tags":[4151],"_links":{"self":[{"href":"https:\/\/www.locoxelrojo.com\/independiente\/wp-json\/wp\/v2\/posts\/116849"}],"collection":[{"href":"https:\/\/www.locoxelrojo.com\/independiente\/wp-json\/wp\/v2\/posts"}],"about":[{"href":"https:\/\/www.locoxelrojo.com\/independiente\/wp-json\/wp\/v2\/types\/post"}],"author":[{"embeddable":true,"href":"https:\/\/www.locoxelrojo.com\/independiente\/wp-json\/wp\/v2\/users\/1"}],"replies":[{"embeddable":true,"href":"https:\/\/www.locoxelrojo.com\/independiente\/wp-json\/wp\/v2\/comments?post=116849"}],"version-history":[{"count":1,"href":"https:\/\/www.locoxelrojo.com\/independiente\/wp-json\/wp\/v2\/posts\/116849\/revisions"}],"predecessor-version":[{"id":116851,"href":"https:\/\/www.locoxelrojo.com\/independiente\/wp-json\/wp\/v2\/posts\/116849\/revisions\/116851"}],"wp:featuredmedia":[{"embeddable":true,"href":"https:\/\/www.locoxelrojo.com\/independiente\/wp-json\/wp\/v2\/media\/116850"}],"wp:attachment":[{"href":"https:\/\/www.locoxelrojo.com\/independiente\/wp-json\/wp\/v2\/media?parent=116849"}],"wp:term":[{"taxonomy":"category","embeddable":true,"href":"https:\/\/www.locoxelrojo.com\/independiente\/wp-json\/wp\/v2\/categories?post=116849"},{"taxonomy":"post_tag","embeddable":true,"href":"https:\/\/www.locoxelrojo.com\/independiente\/wp-json\/wp\/v2\/tags?post=116849"}],"curies":[{"name":"wp","href":"https:\/\/api.w.org\/{rel}","templated":true}]}}