{"id":11689,"date":"2011-10-06T17:25:47","date_gmt":"2011-10-06T19:25:47","guid":{"rendered":"http:\/\/www.locoxelrojo.com.ar\/independiente\/?p=11689"},"modified":"2015-09-15T23:44:12","modified_gmt":"2015-09-16T02:44:12","slug":"entrenamiento-en-dominico-hoy-un-solo-turno","status":"publish","type":"post","link":"https:\/\/www.locoxelrojo.com\/independiente\/2011\/10\/06\/entrenamiento-en-dominico-hoy-un-solo-turno\/","title":{"rendered":"Entrenamiento en Dom\u00ednico: hoy un solo turno"},"content":{"rendered":"<p><a href=\"http:\/\/www.locoxelrojo.com.ar\/independiente\/wp-content\/uploads\/2011\/10\/entrenamiento_dominico_cai.jpg\"><img loading=\"lazy\" class=\"alignnone size-full wp-image-11690\" title=\"entrenamiento_dominico_cai\" src=\"http:\/\/www.locoxelrojo.com.ar\/independiente\/wp-content\/uploads\/2011\/10\/entrenamiento_dominico_cai.jpg\" alt=\"\" width=\"590\" height=\"315\" srcset=\"https:\/\/locoxelrojo.com\/independiente\/wp-content\/uploads\/2011\/10\/entrenamiento_dominico_cai.jpg 590w, https:\/\/locoxelrojo.com\/independiente\/wp-content\/uploads\/2011\/10\/entrenamiento_dominico_cai-300x160.jpg 300w\" sizes=\"(max-width: 590px) 100vw, 590px\" \/><\/a><\/p>\n<p>En el predio de Villa Dom\u00ednico Independiente contin\u00faa trabajando muy intenso preparando el partido de vuelta frente a Liga de Quito del mi\u00e9rcoles y poniendo a punto en lo f\u00edsico al plantel.<\/p>\n<p>El entrenamiento de hoy fue un s\u00f3lo turno (por la ma\u00f1ana) y Ram\u00f3n D\u00edaz dispuso, <strong>luego de una entrada en calor, algunos movimientos f\u00edsicos livianos, unos ejercicios de potencia, trabajos de juego asociado y control de pelota. <\/strong><\/p>\n<p>Al igual que en el comienzo de la semana, <strong>Hern\u00e1n Fredes, Roberto Batti\u00f3n y Nicol\u00e1s Cabrera trabajaron en forma diferenciada. La novedad del d\u00eda pas\u00f3 por un jugador que se le sum\u00f3 a este grupo: Carlos Matheu, sufri\u00f3 una leve inflamaci\u00f3n en su rodilla derecha (la misma que sufri\u00f3 la operaci\u00f3n) y por eso trabaj\u00f3 en el gimnasio.<\/strong><\/p>\n<p>Por otra parte, <strong>Facundo Parra y Patricio Rodr\u00edguez trabajaron con normalidad a la par del grupo. Luego el plantel comi\u00f3 un asado del cual participaron Leandro Battafarano, Presidente del Departamento de F\u00fatbol y el Presidente Julio Comparada.<\/strong><\/p>\n<p>Ma\u00f1ana vuelve el doble turno en el predio que el Rojo tiene en Dom\u00ednico, con la misma modalidad que el d\u00eda mi\u00e9rcoles. El Turno Matutino a las 9:30 y el Vespertino a las 17 hs. Los jugadores concentran y almuerzan en el Hotel Interncontinental.<\/p>\n","protected":false},"excerpt":{"rendered":"<p>En el predio de Villa Dom\u00ednico Independiente contin\u00faa trabajando muy intenso preparando el partido de vuelta frente a Liga de Quito del mi\u00e9rcoles y poniendo a punto en lo f\u00edsico al plantel. El entrenamiento de hoy fue un s\u00f3lo turno (por la ma\u00f1ana) y Ram\u00f3n D\u00edaz dispuso, luego de una entrada en calor, algunos movimientos [&hellip;]<\/p>\n","protected":false},"author":1,"featured_media":0,"comment_status":"open","ping_status":"open","sticky":false,"template":"","format":"standard","meta":{"_links_to":"","_links_to_target":""},"categories":[7,3,1],"tags":[27,36,71,33,53,108,41,500,31],"_links":{"self":[{"href":"https:\/\/www.locoxelrojo.com\/independiente\/wp-json\/wp\/v2\/posts\/11689"}],"collection":[{"href":"https:\/\/www.locoxelrojo.com\/independiente\/wp-json\/wp\/v2\/posts"}],"about":[{"href":"https:\/\/www.locoxelrojo.com\/independiente\/wp-json\/wp\/v2\/types\/post"}],"author":[{"embeddable":true,"href":"https:\/\/www.locoxelrojo.com\/independiente\/wp-json\/wp\/v2\/users\/1"}],"replies":[{"embeddable":true,"href":"https:\/\/www.locoxelrojo.com\/independiente\/wp-json\/wp\/v2\/comments?post=11689"}],"version-history":[{"count":0,"href":"https:\/\/www.locoxelrojo.com\/independiente\/wp-json\/wp\/v2\/posts\/11689\/revisions"}],"wp:attachment":[{"href":"https:\/\/www.locoxelrojo.com\/independiente\/wp-json\/wp\/v2\/media?parent=11689"}],"wp:term":[{"taxonomy":"category","embeddable":true,"href":"https:\/\/www.locoxelrojo.com\/independiente\/wp-json\/wp\/v2\/categories?post=11689"},{"taxonomy":"post_tag","embeddable":true,"href":"https:\/\/www.locoxelrojo.com\/independiente\/wp-json\/wp\/v2\/tags?post=11689"}],"curies":[{"name":"wp","href":"https:\/\/api.w.org\/{rel}","templated":true}]}}