{"id":11695,"date":"2011-10-06T16:31:05","date_gmt":"2011-10-06T19:31:05","guid":{"rendered":"http:\/\/www.locoxelrojo.com.ar\/independiente\/?p=11695"},"modified":"2015-09-15T23:43:49","modified_gmt":"2015-09-16T02:43:49","slug":"julian-velazquez-la-llave-no-esta-cerrada","status":"publish","type":"post","link":"https:\/\/www.locoxelrojo.com\/independiente\/2011\/10\/06\/julian-velazquez-la-llave-no-esta-cerrada\/","title":{"rendered":"J. Vel\u00e1zquez: &#8220;La llave no est\u00e1 cerrada&#8221;"},"content":{"rendered":"<p><a href=\"http:\/\/www.locoxelrojo.com.ar\/independiente\/wp-content\/uploads\/2011\/10\/Juli\u00e1n_Vel\u00e1zquez.jpg\"><img loading=\"lazy\" class=\"alignnone size-full wp-image-11698\" title=\"Juli\u00e1n_Vel\u00e1zquez\" src=\"http:\/\/www.locoxelrojo.com.ar\/independiente\/wp-content\/uploads\/2011\/10\/Juli\u00e1n_Vel\u00e1zquez.jpg\" alt=\"\" width=\"590\" height=\"315\" srcset=\"https:\/\/locoxelrojo.com\/independiente\/wp-content\/uploads\/2011\/10\/Juli\u00e1n_Vel\u00e1zquez.jpg 590w, https:\/\/locoxelrojo.com\/independiente\/wp-content\/uploads\/2011\/10\/Juli\u00e1n_Vel\u00e1zquez-300x160.jpg 300w\" sizes=\"(max-width: 590px) 100vw, 590px\" \/><\/a><\/p>\n<p><strong>Juli\u00e1n Vel\u00e1zquez<\/strong> dialog\u00f3 con <strong>Los M\u00e1s Grandes por Radio Cooperativa<\/strong> y se \u00a0refiri\u00f3 con mucho optimismo al partido de vuelta por la Copa Sudamericana en el Libertadores de Am\u00e9rica. <strong>&#8220;La llave no est\u00e1 cerrada y ya dimos vuelta resultados m\u00e1s abultados<\/strong>&#8220;, asegur\u00f3.<\/p>\n<p>La &#8220;Avispa&#8221; conf\u00eda en que el Rojo lograr\u00e1 el pase a los cuartos de final y de paso; le dej\u00f3 un mensaje a Racing. &#8220;<strong>Nosotros no festejamos el empate, lo importante era no perder. La gente se fue contenta porque no se perdi\u00f3, ya que Racing est\u00e1 pelando el torneo&#8221;.<\/strong><\/p>\n<p>Por \u00faltimo, el defensor dese\u00f3 tener sed de revancha en la selecci\u00f3n. &#8220;<strong>Fui una vez y despu\u00e9s no pude por algunas lesiones&#8221;, lament\u00f3.<\/strong><\/p>\n","protected":false},"excerpt":{"rendered":"<p>Juli\u00e1n Vel\u00e1zquez dialog\u00f3 con Los M\u00e1s Grandes por Radio Cooperativa y se \u00a0refiri\u00f3 con mucho optimismo al partido de vuelta por la Copa Sudamericana en el Libertadores de Am\u00e9rica. &#8220;La llave no est\u00e1 cerrada y ya dimos vuelta resultados m\u00e1s abultados&#8220;, asegur\u00f3. La &#8220;Avispa&#8221; conf\u00eda en que el Rojo lograr\u00e1 el pase a los cuartos [&hellip;]<\/p>\n","protected":false},"author":1,"featured_media":0,"comment_status":"open","ping_status":"open","sticky":false,"template":"","format":"standard","meta":{"_links_to":"","_links_to_target":""},"categories":[3,1],"tags":[153,32,974],"_links":{"self":[{"href":"https:\/\/www.locoxelrojo.com\/independiente\/wp-json\/wp\/v2\/posts\/11695"}],"collection":[{"href":"https:\/\/www.locoxelrojo.com\/independiente\/wp-json\/wp\/v2\/posts"}],"about":[{"href":"https:\/\/www.locoxelrojo.com\/independiente\/wp-json\/wp\/v2\/types\/post"}],"author":[{"embeddable":true,"href":"https:\/\/www.locoxelrojo.com\/independiente\/wp-json\/wp\/v2\/users\/1"}],"replies":[{"embeddable":true,"href":"https:\/\/www.locoxelrojo.com\/independiente\/wp-json\/wp\/v2\/comments?post=11695"}],"version-history":[{"count":0,"href":"https:\/\/www.locoxelrojo.com\/independiente\/wp-json\/wp\/v2\/posts\/11695\/revisions"}],"wp:attachment":[{"href":"https:\/\/www.locoxelrojo.com\/independiente\/wp-json\/wp\/v2\/media?parent=11695"}],"wp:term":[{"taxonomy":"category","embeddable":true,"href":"https:\/\/www.locoxelrojo.com\/independiente\/wp-json\/wp\/v2\/categories?post=11695"},{"taxonomy":"post_tag","embeddable":true,"href":"https:\/\/www.locoxelrojo.com\/independiente\/wp-json\/wp\/v2\/tags?post=11695"}],"curies":[{"name":"wp","href":"https:\/\/api.w.org\/{rel}","templated":true}]}}