{"id":116981,"date":"2024-01-16T16:01:12","date_gmt":"2024-01-16T19:01:12","guid":{"rendered":"https:\/\/www.locoxelrojo.com\/independiente\/?p=116981"},"modified":"2024-01-16T16:01:12","modified_gmt":"2024-01-16T19:01:12","slug":"problema-central","status":"publish","type":"post","link":"https:\/\/www.locoxelrojo.com\/independiente\/2024\/01\/16\/problema-central\/","title":{"rendered":"Problema central"},"content":{"rendered":"<p><strong>Independiente busca de manera desesperada un marcador central<\/strong>, mientras est\u00e1 a la incertidumbre de lo que pase con Alan Franco en San Pablo.<\/p>\n<p>No es novedad que la prioridad para Carlos Tevez en ese puesto es Franco. <a href=\"https:\/\/www.locoxelrojo.com\/independiente\/2023\/12\/28\/franco-la-prioridad-de-tevez\/\">Lo expres\u00f3 p\u00fablicamente<\/a>, el club realiz\u00f3 ofertas, <strong>pero todo est\u00e1 en stand by<\/strong>. El DT insiste, afirma que <strong>&#8220;vamos a esperarlo hasta \u00faltimo momento&#8221;<\/strong>, pero <strong>las negociaciones est\u00e1n heladas, por no decir congeladas.<\/strong><\/p>\n<p><strong>El plan B era Leonardo Morales<\/strong>, futbolista que Independiente busc\u00f3 en el mercado de pases anterior, pero la historia termin\u00f3 de la misma manera: <strong><a href=\"https:\/\/www.locoxelrojo.com\/independiente\/2024\/01\/15\/otro-no\/\">con el no rotundo del defensor y continuando en Gimnasia.<\/a><\/strong><\/p>\n<p>No hay otras alternativas, solamente ofrecimientos: <strong>Juan Manuel Fedorco, Joaqu\u00edn Pombo, Paolo Goltz, Juan Cruz Komar y Facundo Garc\u00e9s, entre otros.<\/strong><\/p>\n<p>En la dirigencia tambi\u00e9n <strong>hay cierta preocupaci\u00f3n<\/strong> por la complejidad para reforzar esta zona de la defensa y <strong>habr\u00e1 una reuni\u00f3n con Tevez en las pr\u00f3ximas horas para definir opciones.<\/strong><\/p>\n","protected":false},"excerpt":{"rendered":"<p>Independiente busca de manera desesperada un marcador central, mientras est\u00e1 a la incertidumbre de lo que pase con Alan Franco en San Pablo. No es novedad que la prioridad para Carlos Tevez en ese puesto es Franco. Lo expres\u00f3 p\u00fablicamente, el club realiz\u00f3 ofertas, pero todo est\u00e1 en stand by. El DT insiste, afirma que [&hellip;]<\/p>\n","protected":false},"author":1,"featured_media":116705,"comment_status":"open","ping_status":"closed","sticky":false,"template":"","format":"standard","meta":{"_links_to":"","_links_to_target":""},"categories":[3280,3247],"tags":[5279,153],"_links":{"self":[{"href":"https:\/\/www.locoxelrojo.com\/independiente\/wp-json\/wp\/v2\/posts\/116981"}],"collection":[{"href":"https:\/\/www.locoxelrojo.com\/independiente\/wp-json\/wp\/v2\/posts"}],"about":[{"href":"https:\/\/www.locoxelrojo.com\/independiente\/wp-json\/wp\/v2\/types\/post"}],"author":[{"embeddable":true,"href":"https:\/\/www.locoxelrojo.com\/independiente\/wp-json\/wp\/v2\/users\/1"}],"replies":[{"embeddable":true,"href":"https:\/\/www.locoxelrojo.com\/independiente\/wp-json\/wp\/v2\/comments?post=116981"}],"version-history":[{"count":1,"href":"https:\/\/www.locoxelrojo.com\/independiente\/wp-json\/wp\/v2\/posts\/116981\/revisions"}],"predecessor-version":[{"id":116982,"href":"https:\/\/www.locoxelrojo.com\/independiente\/wp-json\/wp\/v2\/posts\/116981\/revisions\/116982"}],"wp:featuredmedia":[{"embeddable":true,"href":"https:\/\/www.locoxelrojo.com\/independiente\/wp-json\/wp\/v2\/media\/116705"}],"wp:attachment":[{"href":"https:\/\/www.locoxelrojo.com\/independiente\/wp-json\/wp\/v2\/media?parent=116981"}],"wp:term":[{"taxonomy":"category","embeddable":true,"href":"https:\/\/www.locoxelrojo.com\/independiente\/wp-json\/wp\/v2\/categories?post=116981"},{"taxonomy":"post_tag","embeddable":true,"href":"https:\/\/www.locoxelrojo.com\/independiente\/wp-json\/wp\/v2\/tags?post=116981"}],"curies":[{"name":"wp","href":"https:\/\/api.w.org\/{rel}","templated":true}]}}