{"id":11704,"date":"2011-10-07T13:55:47","date_gmt":"2011-10-07T16:55:47","guid":{"rendered":"http:\/\/www.locoxelrojo.com.ar\/independiente\/?p=11704"},"modified":"2011-10-07T13:55:47","modified_gmt":"2011-10-07T16:55:47","slug":"sin-doble-turno","status":"publish","type":"post","link":"https:\/\/www.locoxelrojo.com\/independiente\/2011\/10\/07\/sin-doble-turno\/","title":{"rendered":"Sin doble turno"},"content":{"rendered":"<p><a href=\"http:\/\/www.locoxelrojo.com.ar\/independiente\/wp-content\/uploads\/2011\/10\/independiente_dominico.jpg\"><img loading=\"lazy\" class=\"alignnone size-full wp-image-11705\" title=\"independiente_dominico\" src=\"http:\/\/www.locoxelrojo.com.ar\/independiente\/wp-content\/uploads\/2011\/10\/independiente_dominico.jpg\" alt=\"\" width=\"590\" height=\"315\" srcset=\"https:\/\/locoxelrojo.com\/independiente\/wp-content\/uploads\/2011\/10\/independiente_dominico.jpg 590w, https:\/\/locoxelrojo.com\/independiente\/wp-content\/uploads\/2011\/10\/independiente_dominico-300x160.jpg 300w\" sizes=\"(max-width: 590px) 100vw, 590px\" \/><\/a><\/p>\n<p>A pesar de las fuertes lluvias desde la noche de ayer, Independiente se entren\u00f3 en Villa Dom\u00ednico e hizo trabajos f\u00edsicos. Por la tarde estaban previstos los trabajos con\u00a0 pelota pero se suspendieron. La jornada comenz\u00f3 en el gimnasio y continu\u00f3 con pasadas de 200 metros en la cancha 7 para no da\u00f1ar los campos de juego que se usan habitualmente en las pr\u00e1cticas de f\u00fatbol.<\/p>\n<p>El \u00fanico ausente fue Nicol\u00e1s Cabrera quien se realiz\u00f3 estudios para evaluar la evoluci\u00f3n de su lesi\u00f3n -desgarro en el isquiotibial derecho-. Por otro lado, Hernan Fredes, Patricio Rodr\u00edguez y Facundo Parra se entrenaron con normalidad y Roberto Batti\u00f3n intensific\u00f3 los trabajos en el gimnasio.<\/p>\n<p>El Rojo volver\u00e1 a los entrenamientos ma\u00f1ana a las 10 de la ma\u00f1ana en la zona mixta del Libertadores de Am\u00e9rica pensando en el partido del mi\u00e9rcoles frente a Liga de Quito por la vuelta de los octavos de final de la Copa Sudamericana.<\/p>\n","protected":false},"excerpt":{"rendered":"<p>A pesar de las fuertes lluvias desde la noche de ayer, Independiente se entren\u00f3 en Villa Dom\u00ednico e hizo trabajos f\u00edsicos. Por la tarde estaban previstos los trabajos con\u00a0 pelota pero se suspendieron. La jornada comenz\u00f3 en el gimnasio y continu\u00f3 con pasadas de 200 metros en la cancha 7 para no da\u00f1ar los campos [&hellip;]<\/p>\n","protected":false},"author":1,"featured_media":0,"comment_status":"open","ping_status":"open","sticky":false,"template":"","format":"standard","meta":{"_links_to":"","_links_to_target":""},"categories":[3,1],"tags":[153,36,71,108,31],"_links":{"self":[{"href":"https:\/\/www.locoxelrojo.com\/independiente\/wp-json\/wp\/v2\/posts\/11704"}],"collection":[{"href":"https:\/\/www.locoxelrojo.com\/independiente\/wp-json\/wp\/v2\/posts"}],"about":[{"href":"https:\/\/www.locoxelrojo.com\/independiente\/wp-json\/wp\/v2\/types\/post"}],"author":[{"embeddable":true,"href":"https:\/\/www.locoxelrojo.com\/independiente\/wp-json\/wp\/v2\/users\/1"}],"replies":[{"embeddable":true,"href":"https:\/\/www.locoxelrojo.com\/independiente\/wp-json\/wp\/v2\/comments?post=11704"}],"version-history":[{"count":0,"href":"https:\/\/www.locoxelrojo.com\/independiente\/wp-json\/wp\/v2\/posts\/11704\/revisions"}],"wp:attachment":[{"href":"https:\/\/www.locoxelrojo.com\/independiente\/wp-json\/wp\/v2\/media?parent=11704"}],"wp:term":[{"taxonomy":"category","embeddable":true,"href":"https:\/\/www.locoxelrojo.com\/independiente\/wp-json\/wp\/v2\/categories?post=11704"},{"taxonomy":"post_tag","embeddable":true,"href":"https:\/\/www.locoxelrojo.com\/independiente\/wp-json\/wp\/v2\/tags?post=11704"}],"curies":[{"name":"wp","href":"https:\/\/api.w.org\/{rel}","templated":true}]}}