{"id":117049,"date":"2024-01-20T16:33:57","date_gmt":"2024-01-20T19:33:57","guid":{"rendered":"https:\/\/www.locoxelrojo.com\/independiente\/?p=117049"},"modified":"2024-01-20T20:45:25","modified_gmt":"2024-01-20T23:45:25","slug":"seoane-hablo-del-mercado-el-central-que-falta-y-la-situacion-de-fedorco","status":"publish","type":"post","link":"https:\/\/www.locoxelrojo.com\/independiente\/2024\/01\/20\/seoane-hablo-del-mercado-el-central-que-falta-y-la-situacion-de-fedorco\/","title":{"rendered":"Seoane habl\u00f3 del mercado, el central que falta y la situaci\u00f3n de Fedorco"},"content":{"rendered":"<p><strong>Daniel Seoane<\/strong> analiz\u00f3 el mercado de pases de Independiente, habl\u00f3 de la situaci\u00f3n de Juan Manuel Fedorco y avis\u00f3 que intentar\u00e1n contratar a un marcador central m\u00e1s.<\/p>\n<p><strong>&#8220;Todos los jugadores que contratamos forman parte de un plan, salvo Neves que fue un jugador que nos ofrecieron a los dirigentes, nosotros se lo llevamos a Carlos y a \u00e9l le pareci\u00f3 muy bien&#8221;<\/strong>, explic\u00f3 el secretario general del club en charla con F\u00fatbol y Roca.<\/p>\n<p>Entre los pedidos de Carlos Tevez est\u00e1 la llegada de un zaguero central que venga a ser titular. Al respecto, Seoane coment\u00f3: <strong>&#8220;La opci\u00f3n A y B del central se cay\u00f3 y ahora estamos por otro jugador. Quiero aclarar que nosotros tenemos cuatro centrales, no es que no tenemos, pero tendr\u00edamos que tener uno m\u00e1s para tener el puesto cubierto ante cualquier eventualidad. Estamos haciendo el esfuerzo para poder contratarlo&#8221;<\/strong>.<\/p>\n<p>Por otro lado, cont\u00f3 que<a href=\"https:\/\/www.locoxelrojo.com\/independiente\/2024\/01\/18\/independiente-compra-a-fedorco\/\"> la contrataci\u00f3n de Fedorco es una decisi\u00f3n de la dirigencia<\/a> y revel\u00f3 qu\u00e9 piensa el DT al respecto: <strong>&#8220;Nosotros lo venimos analizando con la Secretar\u00eda T\u00e9cnica, es un jugador que a Tevez le parece bien, lo que pasa es que le parece chico para el puesto. Podr\u00edamos comprarlo y prestarlo para que juegue en otro club, as\u00ed el d\u00eda de ma\u00f1ana puede ser el central de Independiente. Puede ser que vaya a Newell&#8217;s, pero todav\u00eda estamos en negociaciones con Chicago y creo que entre hoy y el lunes se va a definir&#8221;<\/strong>.<\/p>\n<p>Por otro lado, el secretario general remarc\u00f3 que la Comisi\u00f3n Directiva planea invertir en futbolistas que generen un r\u00e9dito deportivo o econ\u00f3mico para Independiente.<strong> &#8220;Nosotros lo escuchamos a Tevez, pero tambi\u00e9n tenemos que invertir en un jugador y que nos redit\u00fae plata. Si no llega a jugar en Independiente y nosotros lo vendemos m\u00e1s caro de lo que lo contratamos, es una parte de generar ingresos para el club&#8221;<\/strong>, detall\u00f3.<\/p>\n<p>Finalmente, Seoane asegur\u00f3 que <strong>&#8220;todos los jugadores fueron consensuados con Carlos&#8221;<\/strong> y elogi\u00f3 a uno de los seis refuerzos que contrataron:<strong> &#8220;Estamos muy contentos con el equipo que armamos. Cuando lo ves en cancha a Qui\u00f1onez, ves que tiene dos marchas m\u00e1s que todos los dem\u00e1s&#8221;<\/strong>.<\/p>\n","protected":false},"excerpt":{"rendered":"<p>Daniel Seoane analiz\u00f3 el mercado de pases de Independiente, habl\u00f3 de la situaci\u00f3n de Juan Manuel Fedorco y avis\u00f3 que intentar\u00e1n contratar a un marcador central m\u00e1s. &#8220;Todos los jugadores que contratamos forman parte de un plan, salvo Neves que fue un jugador que nos ofrecieron a los dirigentes, nosotros se lo llevamos a Carlos [&hellip;]<\/p>\n","protected":false},"author":8,"featured_media":113341,"comment_status":"open","ping_status":"closed","sticky":false,"template":"","format":"standard","meta":{"_links_to":"","_links_to_target":""},"categories":[3247,3],"tags":[153,1793,5566],"_links":{"self":[{"href":"https:\/\/www.locoxelrojo.com\/independiente\/wp-json\/wp\/v2\/posts\/117049"}],"collection":[{"href":"https:\/\/www.locoxelrojo.com\/independiente\/wp-json\/wp\/v2\/posts"}],"about":[{"href":"https:\/\/www.locoxelrojo.com\/independiente\/wp-json\/wp\/v2\/types\/post"}],"author":[{"embeddable":true,"href":"https:\/\/www.locoxelrojo.com\/independiente\/wp-json\/wp\/v2\/users\/8"}],"replies":[{"embeddable":true,"href":"https:\/\/www.locoxelrojo.com\/independiente\/wp-json\/wp\/v2\/comments?post=117049"}],"version-history":[{"count":4,"href":"https:\/\/www.locoxelrojo.com\/independiente\/wp-json\/wp\/v2\/posts\/117049\/revisions"}],"predecessor-version":[{"id":117053,"href":"https:\/\/www.locoxelrojo.com\/independiente\/wp-json\/wp\/v2\/posts\/117049\/revisions\/117053"}],"wp:featuredmedia":[{"embeddable":true,"href":"https:\/\/www.locoxelrojo.com\/independiente\/wp-json\/wp\/v2\/media\/113341"}],"wp:attachment":[{"href":"https:\/\/www.locoxelrojo.com\/independiente\/wp-json\/wp\/v2\/media?parent=117049"}],"wp:term":[{"taxonomy":"category","embeddable":true,"href":"https:\/\/www.locoxelrojo.com\/independiente\/wp-json\/wp\/v2\/categories?post=117049"},{"taxonomy":"post_tag","embeddable":true,"href":"https:\/\/www.locoxelrojo.com\/independiente\/wp-json\/wp\/v2\/tags?post=117049"}],"curies":[{"name":"wp","href":"https:\/\/api.w.org\/{rel}","templated":true}]}}