{"id":117077,"date":"2024-01-22T15:50:11","date_gmt":"2024-01-22T18:50:11","guid":{"rendered":"https:\/\/www.locoxelrojo.com\/independiente\/?p=117077"},"modified":"2024-01-22T21:39:04","modified_gmt":"2024-01-23T00:39:04","slug":"neves-realizara-una-mini-pretemporada","status":"publish","type":"post","link":"https:\/\/www.locoxelrojo.com\/independiente\/2024\/01\/22\/neves-realizara-una-mini-pretemporada\/","title":{"rendered":"Neves realizar\u00e1 una mini pretemporada"},"content":{"rendered":"<p><strong>Gabriel Neves, sexto refuerzo de Independiente, har\u00e1 una mini pretemporada para ponerse en ritmo f\u00edsicamente.<\/strong><\/p>\n<p>El mediocampista uruguayo vino sin rodaje desde Sao Paulo, ya que su \u00faltimo partido fue el 23 de noviembre del a\u00f1o pasado. Es por eso que acord\u00f3 con el cuerpo t\u00e9cnico hacer un plan de trabajo especial.<\/p>\n<p>Luego de hacerse la revisi\u00f3n m\u00e9dica, el charr\u00faa ya hab\u00eda adelantado cu\u00e1l era su situaci\u00f3n.<br \/>\n<strong>\u201cLa temporada la termin\u00e9 hace un mes y aunque no es lo mismo, me entren\u00e9 por mi cuenta. Estoy bien y espero ponerme r\u00e1pido a punto. Quiero estar a disposici\u00f3n lo antes posible para que puedan contar conmigo\u201d<\/strong>, confes\u00f3.<\/p>\n<p>La mini pretemporada de Neves ser\u00e1 de <strong>doble turno<\/strong> y tendr\u00e1 como finalidad ponerse a punto desde lo f\u00edsico, para estar a la par del plantel.<\/p>\n<p>Debido a este plan de trabajo, <strong>la idea es que no sume minutos durante las primeras fechas<\/strong> de la Copa de la Liga.<\/p>\n","protected":false},"excerpt":{"rendered":"<p>Gabriel Neves, sexto refuerzo de Independiente, har\u00e1 una mini pretemporada para ponerse en ritmo f\u00edsicamente. El mediocampista uruguayo vino sin rodaje desde Sao Paulo, ya que su \u00faltimo partido fue el 23 de noviembre del a\u00f1o pasado. Es por eso que acord\u00f3 con el cuerpo t\u00e9cnico hacer un plan de trabajo especial. Luego de hacerse [&hellip;]<\/p>\n","protected":false},"author":101034,"featured_media":117078,"comment_status":"open","ping_status":"closed","sticky":false,"template":"","format":"standard","meta":{"_links_to":"","_links_to_target":""},"categories":[3247,3],"tags":[153,5199],"_links":{"self":[{"href":"https:\/\/www.locoxelrojo.com\/independiente\/wp-json\/wp\/v2\/posts\/117077"}],"collection":[{"href":"https:\/\/www.locoxelrojo.com\/independiente\/wp-json\/wp\/v2\/posts"}],"about":[{"href":"https:\/\/www.locoxelrojo.com\/independiente\/wp-json\/wp\/v2\/types\/post"}],"author":[{"embeddable":true,"href":"https:\/\/www.locoxelrojo.com\/independiente\/wp-json\/wp\/v2\/users\/101034"}],"replies":[{"embeddable":true,"href":"https:\/\/www.locoxelrojo.com\/independiente\/wp-json\/wp\/v2\/comments?post=117077"}],"version-history":[{"count":1,"href":"https:\/\/www.locoxelrojo.com\/independiente\/wp-json\/wp\/v2\/posts\/117077\/revisions"}],"predecessor-version":[{"id":117079,"href":"https:\/\/www.locoxelrojo.com\/independiente\/wp-json\/wp\/v2\/posts\/117077\/revisions\/117079"}],"wp:featuredmedia":[{"embeddable":true,"href":"https:\/\/www.locoxelrojo.com\/independiente\/wp-json\/wp\/v2\/media\/117078"}],"wp:attachment":[{"href":"https:\/\/www.locoxelrojo.com\/independiente\/wp-json\/wp\/v2\/media?parent=117077"}],"wp:term":[{"taxonomy":"category","embeddable":true,"href":"https:\/\/www.locoxelrojo.com\/independiente\/wp-json\/wp\/v2\/categories?post=117077"},{"taxonomy":"post_tag","embeddable":true,"href":"https:\/\/www.locoxelrojo.com\/independiente\/wp-json\/wp\/v2\/tags?post=117077"}],"curies":[{"name":"wp","href":"https:\/\/api.w.org\/{rel}","templated":true}]}}