{"id":117126,"date":"2024-01-24T16:03:27","date_gmt":"2024-01-24T19:03:27","guid":{"rendered":"https:\/\/www.locoxelrojo.com\/independiente\/?p=117126"},"modified":"2024-01-24T17:04:10","modified_gmt":"2024-01-24T20:04:10","slug":"tevez-fue-tajante-con-santi-lopez-si-no-firma-no-puede-estar-con-la-primera","status":"publish","type":"post","link":"https:\/\/www.locoxelrojo.com\/independiente\/2024\/01\/24\/tevez-fue-tajante-con-santi-lopez-si-no-firma-no-puede-estar-con-la-primera\/","title":{"rendered":"Tevez fue tajante con Santi L\u00f3pez: &#8220;Si no firma, no puede estar con la Primera&#8221;"},"content":{"rendered":"<p><strong>Carlos Tevez se refiri\u00f3 a la conflictiva situaci\u00f3n de Santiago L\u00f3pez y afirm\u00f3 que est\u00e1 de acuerdo con la decisi\u00f3n de la dirigencia.<\/strong><\/p>\n<p>El juvenil de 17 a\u00f1os y su representante Tom\u00e1s De Luca, no llegaron a un acuerdo con el club por la renovaci\u00f3n de su contrato, que termina a fin de a\u00f1o. Es por eso que<a href=\"https:\/\/www.locoxelrojo.com\/independiente\/2024\/01\/23\/santi-lopez-fue-separado-del-plantel-el-comunicado-del-club\/\"> la dirigencia tom\u00f3 la decisi\u00f3n de separarlo del plantel y bajarlo a Reserva, hasta que no renueve<\/a>.<\/p>\n<p>En conferencia de prensa, el Apache dio su postura sobre esto:<strong> &#8220;Hablamos con los dirigentes y tienen una postura sobre el futuro de Santi, que si no firma el contrato no puede estar con Primera y yo pienso lo mismo, pienso en el club&#8221;<\/strong>.<\/p>\n<blockquote class=\"twitter-tweet\" data-width=\"550\" data-dnt=\"true\">\n<p lang=\"es\" dir=\"ltr\">&quot;SI NO FIRMA, NO PUEDE ESTAR CON LA PRIMERA&quot; \ud83d\udde3\ufe0f\ud83d\udd34<\/p>\n<p>Carlos Tevez habl\u00f3 sobre el futuro de Santi L\u00f3pez, que todav\u00eda no renov\u00f3 su v\u00ednculo con Independiente. <a href=\"https:\/\/t.co\/FpXt9xDHrg\">pic.twitter.com\/FpXt9xDHrg<\/a><\/p>\n<p>&mdash; TyC Sports (@TyCSports) <a href=\"https:\/\/twitter.com\/TyCSports\/status\/1750179320641826931?ref_src=twsrc%5Etfw\">January 24, 2024<\/a><\/p><\/blockquote>\n<p><script async src=\"https:\/\/platform.twitter.com\/widgets.js\" charset=\"utf-8\"><\/script><\/p>\n<p><strong>&#8220;Es una decisi\u00f3n de Santi, no puedo opinar ni meterme. Ya le di consejos. Es una situaci\u00f3n que tienen que arreglar \u00e9l y el club. Va a depender solamente de \u00e9l. Yo estoy abierto y encaminado con la decisi\u00f3n que tome el club en este momento&#8221;<\/strong>, sentenci\u00f3 el Apache.<\/p>\n<p><a href=\"https:\/\/www.locoxelrojo.com\/independiente\/2024\/01\/23\/santi-lopez-me-quiero-quedar-en-independiente\/\">L\u00f3pez dej\u00f3 en claro que quiere firmar y quedarse en Independiente<\/a>, pero por ahora no hubo avances sobre la extensi\u00f3n de su contrato.<\/p>\n","protected":false},"excerpt":{"rendered":"<p>Carlos Tevez se refiri\u00f3 a la conflictiva situaci\u00f3n de Santiago L\u00f3pez y afirm\u00f3 que est\u00e1 de acuerdo con la decisi\u00f3n de la dirigencia. El juvenil de 17 a\u00f1os y su representante Tom\u00e1s De Luca, no llegaron a un acuerdo con el club por la renovaci\u00f3n de su contrato, que termina a fin de a\u00f1o. Es [&hellip;]<\/p>\n","protected":false},"author":101034,"featured_media":117127,"comment_status":"open","ping_status":"closed","sticky":false,"template":"","format":"standard","meta":{"_links_to":"","_links_to_target":""},"categories":[3247,3],"tags":[5279,153,5162],"_links":{"self":[{"href":"https:\/\/www.locoxelrojo.com\/independiente\/wp-json\/wp\/v2\/posts\/117126"}],"collection":[{"href":"https:\/\/www.locoxelrojo.com\/independiente\/wp-json\/wp\/v2\/posts"}],"about":[{"href":"https:\/\/www.locoxelrojo.com\/independiente\/wp-json\/wp\/v2\/types\/post"}],"author":[{"embeddable":true,"href":"https:\/\/www.locoxelrojo.com\/independiente\/wp-json\/wp\/v2\/users\/101034"}],"replies":[{"embeddable":true,"href":"https:\/\/www.locoxelrojo.com\/independiente\/wp-json\/wp\/v2\/comments?post=117126"}],"version-history":[{"count":3,"href":"https:\/\/www.locoxelrojo.com\/independiente\/wp-json\/wp\/v2\/posts\/117126\/revisions"}],"predecessor-version":[{"id":117131,"href":"https:\/\/www.locoxelrojo.com\/independiente\/wp-json\/wp\/v2\/posts\/117126\/revisions\/117131"}],"wp:featuredmedia":[{"embeddable":true,"href":"https:\/\/www.locoxelrojo.com\/independiente\/wp-json\/wp\/v2\/media\/117127"}],"wp:attachment":[{"href":"https:\/\/www.locoxelrojo.com\/independiente\/wp-json\/wp\/v2\/media?parent=117126"}],"wp:term":[{"taxonomy":"category","embeddable":true,"href":"https:\/\/www.locoxelrojo.com\/independiente\/wp-json\/wp\/v2\/categories?post=117126"},{"taxonomy":"post_tag","embeddable":true,"href":"https:\/\/www.locoxelrojo.com\/independiente\/wp-json\/wp\/v2\/tags?post=117126"}],"curies":[{"name":"wp","href":"https:\/\/api.w.org\/{rel}","templated":true}]}}