{"id":1172,"date":"2010-09-20T16:51:37","date_gmt":"2010-09-20T19:51:37","guid":{"rendered":"http:\/\/www.locoxelrojo.com.ar\/independiente\/?p=1172"},"modified":"2010-09-20T16:51:37","modified_gmt":"2010-09-20T19:51:37","slug":"garnero-de-comun-acuerdo-decidimos-que-era-lo-mejor-para-el-club","status":"publish","type":"post","link":"https:\/\/www.locoxelrojo.com\/independiente\/2010\/09\/20\/garnero-de-comun-acuerdo-decidimos-que-era-lo-mejor-para-el-club\/","title":{"rendered":"Garnero: &#8220;De com\u00fan acuerdo decidimos que era lo mejor para el club&#8221;"},"content":{"rendered":"<p><a href=\"http:\/\/www.locoxelrojo.com.ar\/independiente\/wp-content\/uploads\/2010\/09\/los3.jpg\"><img loading=\"lazy\" class=\"alignnone size-full wp-image-1176\" title=\"los3\" src=\"http:\/\/www.locoxelrojo.com.ar\/independiente\/wp-content\/uploads\/2010\/09\/los3.jpg\" alt=\"\" width=\"550\" height=\"315\" srcset=\"https:\/\/locoxelrojo.com\/independiente\/wp-content\/uploads\/2010\/09\/los3.jpg 550w, https:\/\/locoxelrojo.com\/independiente\/wp-content\/uploads\/2010\/09\/los3-300x171.jpg 300w\" sizes=\"(max-width: 550px) 100vw, 550px\" \/><\/a><\/p>\n<p>Daniel Garnero pas\u00f3 a despedirse del plantel por el predio de Santo Domingo en Villa Dom\u00ednico. Comenzada la pr\u00e1ctica con Magan y Anselmi y luego de dar el \u00faltimo adios, el t\u00e9cnico solo dijo que solo fue\u00a0 &#8220;a <strong>confirmar que hoy me reun\u00ed con la cd y de com\u00fan acuerdo decidimos que era lo mejor para el club dar un paso al costado<\/strong>&#8220;.<\/p>\n<p>Ante las preguntas de los periodistas, en mayor n\u00famero que durante los entrenamientos a pesar de que se est\u00e1 entrenando en un horario en el cual no hay tiras deportivas en vivo, Garnero manifest\u00f3 que &#8220;<strong>As\u00ed quedaron<\/strong>&#8221; y <strong>pidi\u00f3 disculpas &#8220;a los muchachos que pensaron que iba a haber una conferencia de prensa<\/strong>.&#8221;<\/p>\n<p>Si bien no tuvo di\u00e1logo con la prensa en el d\u00eda de ayer desde prensa del club avisaron que el ex t\u00e9cnico ba a declarar hoy cuando retirase sus pertenencias del club. &#8220;<strong>En ning\u00fan momento salieron de mi esas palabras<\/strong>&#8220;, dijo. Y cerr\u00f3 diciendo que la ida al predio &#8220;<strong>era solo el anuncio para ratificar esto<\/strong>&#8220;.<\/p>\n<p>Antes de subirse a su auto, salud\u00f3 con un tibio &#8220;<strong>hasta luego<\/strong>&#8220;.<\/p>\n","protected":false},"excerpt":{"rendered":"<p>Daniel Garnero pas\u00f3 a despedirse del plantel por el predio de Santo Domingo en Villa Dom\u00ednico. Comenzada la pr\u00e1ctica con Magan y Anselmi y luego de dar el \u00faltimo adios, el t\u00e9cnico solo dijo que solo fue\u00a0 &#8220;a confirmar que hoy me reun\u00ed con la cd y de com\u00fan acuerdo decidimos que era lo mejor [&hellip;]<\/p>\n","protected":false},"author":1,"featured_media":0,"comment_status":"open","ping_status":"open","sticky":false,"template":"","format":"standard","meta":{"_links_to":"","_links_to_target":""},"categories":[3,1],"tags":[30],"_links":{"self":[{"href":"https:\/\/www.locoxelrojo.com\/independiente\/wp-json\/wp\/v2\/posts\/1172"}],"collection":[{"href":"https:\/\/www.locoxelrojo.com\/independiente\/wp-json\/wp\/v2\/posts"}],"about":[{"href":"https:\/\/www.locoxelrojo.com\/independiente\/wp-json\/wp\/v2\/types\/post"}],"author":[{"embeddable":true,"href":"https:\/\/www.locoxelrojo.com\/independiente\/wp-json\/wp\/v2\/users\/1"}],"replies":[{"embeddable":true,"href":"https:\/\/www.locoxelrojo.com\/independiente\/wp-json\/wp\/v2\/comments?post=1172"}],"version-history":[{"count":0,"href":"https:\/\/www.locoxelrojo.com\/independiente\/wp-json\/wp\/v2\/posts\/1172\/revisions"}],"wp:attachment":[{"href":"https:\/\/www.locoxelrojo.com\/independiente\/wp-json\/wp\/v2\/media?parent=1172"}],"wp:term":[{"taxonomy":"category","embeddable":true,"href":"https:\/\/www.locoxelrojo.com\/independiente\/wp-json\/wp\/v2\/categories?post=1172"},{"taxonomy":"post_tag","embeddable":true,"href":"https:\/\/www.locoxelrojo.com\/independiente\/wp-json\/wp\/v2\/tags?post=1172"}],"curies":[{"name":"wp","href":"https:\/\/api.w.org\/{rel}","templated":true}]}}