{"id":117288,"date":"2024-01-31T18:09:16","date_gmt":"2024-01-31T21:09:16","guid":{"rendered":"https:\/\/www.locoxelrojo.com\/independiente\/?p=117288"},"modified":"2024-01-31T18:09:16","modified_gmt":"2024-01-31T21:09:16","slug":"costa-cotiza-en-alza","status":"publish","type":"post","link":"https:\/\/www.locoxelrojo.com\/independiente\/2024\/01\/31\/costa-cotiza-en-alza\/","title":{"rendered":"Costa, cotiza en alza"},"content":{"rendered":"<p><strong>Ayrton Costa<\/strong> fue uno de los puntos altos que tuvo Independiente en <a href=\"https:\/\/www.locoxelrojo.com\/independiente\/2024\/01\/30\/lucho-gano-y-es-unico-puntero\/\">la victoria 1-0 ante V\u00e9lez por la fecha 2 de la Copa de la Liga.<\/a><\/p>\n<p>Luego de haber tenido un muy buen rendimiento en el debut de la copa, con su tanto en Mendoza para ganarle a Independiente Rivadavia, <strong>el defensor de 24 a\u00f1os volvi\u00f3 a jugar bien en la segunda presentaci\u00f3n del Rojo en el a\u00f1o.<\/strong><\/p>\n<p><strong>Su nivel viene en alza<\/strong> en relaci\u00f3n al semestre pasado, donde varias lesiones musculares y problemas personales, hicieron que pierda terreno en la consideraci\u00f3n de Carlos Tevez. <strong>De estar casi con un pie y medio afuera del club, a este buen presente.<\/strong><\/p>\n<p>En esta ocasi\u00f3n, su papel fue m\u00e1s defensivo que ofensivo. <strong>Las estad\u00edsticas reflejan que nunca fue gambeteado durante el partido<\/strong>. Adem\u00e1s, lider\u00f3 varios registros:<\/p>\n<blockquote class=\"twitter-tweet\">\n<p dir=\"ltr\" lang=\"es\"> Ayrton Costa, entre los jugadores de Independiente, vs V\u00e9lez:<\/p>\n<p>\u279c NO fue gambeteado<br \/>\n\u279c 1\u00ba en duelos ganados [9]<br \/>\n\u279c 1\u00ba en acciones defensivas [17]<br \/>\n\u279c 1\u00ba en pases al \u00faltimo tercio [11]<br \/>\n\u279c 1\u00ba en entradas completadas [4] <a href=\"https:\/\/t.co\/RSWXpl8Rem\">pic.twitter.com\/RSWXpl8Rem<\/a><\/p>\n<p>\u2014 FutbolScan (@futbolscan) <a href=\"https:\/\/twitter.com\/futbolscan\/status\/1752519649105727610?ref_src=twsrc%5Etfw\">January 31, 2024<\/a><\/p><\/blockquote>\n<p><script async src=\"https:\/\/platform.twitter.com\/widgets.js\" charset=\"utf-8\"><\/script><\/p>\n<p>Sin dudas, <a href=\"https:\/\/www.locoxelrojo.com\/independiente\/2024\/01\/30\/puntajes-rojos-vs-velez-17\/\">una de las figuras del encuentro ante el Fort\u00edn<\/a>.<\/p>\n","protected":false},"excerpt":{"rendered":"<p>Ayrton Costa fue uno de los puntos altos que tuvo Independiente en la victoria 1-0 ante V\u00e9lez por la fecha 2 de la Copa de la Liga. Luego de haber tenido un muy buen rendimiento en el debut de la copa, con su tanto en Mendoza para ganarle a Independiente Rivadavia, el defensor de 24 [&hellip;]<\/p>\n","protected":false},"author":101034,"featured_media":117289,"comment_status":"open","ping_status":"closed","sticky":false,"template":"","format":"standard","meta":{"_links_to":"","_links_to_target":""},"categories":[4943,3247],"tags":[4687,153,5550,2722],"_links":{"self":[{"href":"https:\/\/www.locoxelrojo.com\/independiente\/wp-json\/wp\/v2\/posts\/117288"}],"collection":[{"href":"https:\/\/www.locoxelrojo.com\/independiente\/wp-json\/wp\/v2\/posts"}],"about":[{"href":"https:\/\/www.locoxelrojo.com\/independiente\/wp-json\/wp\/v2\/types\/post"}],"author":[{"embeddable":true,"href":"https:\/\/www.locoxelrojo.com\/independiente\/wp-json\/wp\/v2\/users\/101034"}],"replies":[{"embeddable":true,"href":"https:\/\/www.locoxelrojo.com\/independiente\/wp-json\/wp\/v2\/comments?post=117288"}],"version-history":[{"count":1,"href":"https:\/\/www.locoxelrojo.com\/independiente\/wp-json\/wp\/v2\/posts\/117288\/revisions"}],"predecessor-version":[{"id":117290,"href":"https:\/\/www.locoxelrojo.com\/independiente\/wp-json\/wp\/v2\/posts\/117288\/revisions\/117290"}],"wp:featuredmedia":[{"embeddable":true,"href":"https:\/\/www.locoxelrojo.com\/independiente\/wp-json\/wp\/v2\/media\/117289"}],"wp:attachment":[{"href":"https:\/\/www.locoxelrojo.com\/independiente\/wp-json\/wp\/v2\/media?parent=117288"}],"wp:term":[{"taxonomy":"category","embeddable":true,"href":"https:\/\/www.locoxelrojo.com\/independiente\/wp-json\/wp\/v2\/categories?post=117288"},{"taxonomy":"post_tag","embeddable":true,"href":"https:\/\/www.locoxelrojo.com\/independiente\/wp-json\/wp\/v2\/tags?post=117288"}],"curies":[{"name":"wp","href":"https:\/\/api.w.org\/{rel}","templated":true}]}}