{"id":117299,"date":"2024-02-02T22:00:30","date_gmt":"2024-02-03T01:00:30","guid":{"rendered":"https:\/\/www.locoxelrojo.com\/independiente\/?p=117299"},"modified":"2024-02-03T12:55:48","modified_gmt":"2024-02-03T15:55:48","slug":"zunino-el-arbitro-ante-gimnasia","status":"publish","type":"post","link":"https:\/\/www.locoxelrojo.com\/independiente\/2024\/02\/02\/zunino-el-arbitro-ante-gimnasia\/","title":{"rendered":"Zunino, el \u00e1rbitro ante Gimnasia"},"content":{"rendered":"<p><strong>Sebasti\u00e1n Zunino ser\u00e1 el \u00e1rbitro del partido entre Independiente y Gimnasia este s\u00e1bado a las 19:00 en Avellaneda, por la fecha 3 de la Copa de la Liga.<\/strong><\/p>\n<p>El juez de 36 a\u00f1os dirigir\u00e1 al Rojo por segunda vez en su carrera. El \u00fanico antecedente fue hace exactamente un a\u00f1o, en febrero de 2023, cuando<strong> imparti\u00f3 justicia en el empate 0-0 con V\u00e9lez en Liniers<\/strong>, por la 3\u00aa jornada de la Liga Profesional de ese a\u00f1o.<\/p>\n<p>Este s\u00e1bado, Zunino estar\u00e1 acompa\u00f1ado por<strong> Ezequiel Brailovsky<\/strong> y<strong> Lucio M\u00e9ndez<\/strong> como jueces de l\u00ednea, mientras que\u00a0<strong>Gast\u00f3n Iglesias<\/strong> ser\u00e1 el cuarto \u00e1rbitro.<\/p>\n<p>Por otro lado, <strong>Andr\u00e9s Merlos fue designado para estar al frente del VAR<\/strong>. Tendr\u00e1 como asistente a Iv\u00e1n N\u00fa\u00f1ez.<\/p>\n<h3>El \u00fanico partido del Rojo con Zunino<\/h3>\n<p><iframe loading=\"lazy\" title=\"\u00a1EL ROJO Y EL FORT\u00cdN IGUALARON SIN GOLES EN LINIERS! | V\u00e9lez 0-0 Independiente | RESUMEN\" width=\"696\" height=\"392\" src=\"https:\/\/www.youtube.com\/embed\/hfEsuvwBdmQ?feature=oembed\" frameborder=\"0\" allow=\"accelerometer; autoplay; clipboard-write; encrypted-media; gyroscope; picture-in-picture; web-share\" allowfullscreen><\/iframe><\/p>\n","protected":false},"excerpt":{"rendered":"<p>Sebasti\u00e1n Zunino ser\u00e1 el \u00e1rbitro del partido entre Independiente y Gimnasia este s\u00e1bado a las 19:00 en Avellaneda, por la fecha 3 de la Copa de la Liga. El juez de 36 a\u00f1os dirigir\u00e1 al Rojo por segunda vez en su carrera. El \u00fanico antecedente fue hace exactamente un a\u00f1o, en febrero de 2023, cuando [&hellip;]<\/p>\n","protected":false},"author":8,"featured_media":117304,"comment_status":"open","ping_status":"closed","sticky":false,"template":"","format":"standard","meta":{"_links_to":"","_links_to_target":""},"categories":[3280,3247],"tags":[153,5550,5248,5361],"_links":{"self":[{"href":"https:\/\/www.locoxelrojo.com\/independiente\/wp-json\/wp\/v2\/posts\/117299"}],"collection":[{"href":"https:\/\/www.locoxelrojo.com\/independiente\/wp-json\/wp\/v2\/posts"}],"about":[{"href":"https:\/\/www.locoxelrojo.com\/independiente\/wp-json\/wp\/v2\/types\/post"}],"author":[{"embeddable":true,"href":"https:\/\/www.locoxelrojo.com\/independiente\/wp-json\/wp\/v2\/users\/8"}],"replies":[{"embeddable":true,"href":"https:\/\/www.locoxelrojo.com\/independiente\/wp-json\/wp\/v2\/comments?post=117299"}],"version-history":[{"count":2,"href":"https:\/\/www.locoxelrojo.com\/independiente\/wp-json\/wp\/v2\/posts\/117299\/revisions"}],"predecessor-version":[{"id":117305,"href":"https:\/\/www.locoxelrojo.com\/independiente\/wp-json\/wp\/v2\/posts\/117299\/revisions\/117305"}],"wp:featuredmedia":[{"embeddable":true,"href":"https:\/\/www.locoxelrojo.com\/independiente\/wp-json\/wp\/v2\/media\/117304"}],"wp:attachment":[{"href":"https:\/\/www.locoxelrojo.com\/independiente\/wp-json\/wp\/v2\/media?parent=117299"}],"wp:term":[{"taxonomy":"category","embeddable":true,"href":"https:\/\/www.locoxelrojo.com\/independiente\/wp-json\/wp\/v2\/categories?post=117299"},{"taxonomy":"post_tag","embeddable":true,"href":"https:\/\/www.locoxelrojo.com\/independiente\/wp-json\/wp\/v2\/tags?post=117299"}],"curies":[{"name":"wp","href":"https:\/\/api.w.org\/{rel}","templated":true}]}}