{"id":11730,"date":"2011-10-09T19:50:32","date_gmt":"2011-10-09T22:50:32","guid":{"rendered":"http:\/\/www.locoxelrojo.com.ar\/independiente\/?p=11730"},"modified":"2011-10-09T19:50:32","modified_gmt":"2011-10-09T22:50:32","slug":"un-diez-2-0","status":"publish","type":"post","link":"https:\/\/www.locoxelrojo.com\/independiente\/2011\/10\/09\/un-diez-2-0\/","title":{"rendered":"Un diez 2.0"},"content":{"rendered":"<p><a href=\"http:\/\/www.locoxelrojo.com.ar\/independiente\/wp-content\/uploads\/2011\/10\/patriciorodriguez.gif\"><img loading=\"lazy\" class=\"alignnone size-full wp-image-11731\" title=\"patriciorodriguez\" src=\"http:\/\/www.locoxelrojo.com.ar\/independiente\/wp-content\/uploads\/2011\/10\/patriciorodriguez.gif\" alt=\"\" width=\"590\" height=\"315\" srcset=\"https:\/\/locoxelrojo.com\/independiente\/wp-content\/uploads\/2011\/10\/patriciorodriguez.gif 590w, https:\/\/locoxelrojo.com\/independiente\/wp-content\/uploads\/2011\/10\/patriciorodriguez-300x160.gif 300w\" sizes=\"(max-width: 590px) 100vw, 590px\" \/><\/a><\/p>\n<p>Patricio Rodr\u00edguez, motivado por Mat\u00edas Defederico, ingres\u00f3 en el mundo de Twitter para evitar que otras personas se hagan pasar por \u00e9l. &#8220;Subo fotos sacadas desde mi celular para que sepan que es el m\u00edo oficial&#8221;, aclar\u00f3 el 10 quien comparte imagenes con Nieva, Mazzola y Juli\u00e1n Vel\u00e1zquez, entre otros.<\/p>\n<p>El creador de juego puso una frase bastante particular en su perfil. &#8220;No es el twitter de solo un jugador, sino de alguien que bien o mal, piensa distinto al resto&#8221;, afirma. Por otro lado, tambi\u00e9n se atrevi\u00f3 a seguir reclamando que le achiquen el talle de su camiseta. &#8220;Uno del Rojo me dijo que me queda grande la 10. Quiero decirle que la 23, la 4  o la 27 tambi\u00e9n porque son talle L; Puma no fabrica S&#8221;, brome\u00f3 entre risas.<\/p>\n<p>&#8220;No creo q Rub\u00e9n paz tenga Twitter&#8221;, chicane\u00f3 a una hincha de Racing que lo cargaba. El 10 (PatoRo10) se suma entonces a Mat\u00edas Defederico (@MatyDefederico), Hernan Fredes (@Hernan_Fredes), Roberto Batti\u00f3n (RoberBattion), Nicol\u00e1s Delmonte (@Nico_Delmonte_5) y Ram\u00f3n D\u00edaz (@RamonDiazDT).<\/p>\n<p><span style=\"color: #888888;\"><em>Foto: Infierno Rojo<\/em><\/span><\/p>\n","protected":false},"excerpt":{"rendered":"<p>Patricio Rodr\u00edguez, motivado por Mat\u00edas Defederico, ingres\u00f3 en el mundo de Twitter para evitar que otras personas se hagan pasar por \u00e9l. &#8220;Subo fotos sacadas desde mi celular para que sepan que es el m\u00edo oficial&#8221;, aclar\u00f3 el 10 quien comparte imagenes con Nieva, Mazzola y Juli\u00e1n Vel\u00e1zquez, entre otros. El creador de juego puso [&hellip;]<\/p>\n","protected":false},"author":1,"featured_media":0,"comment_status":"open","ping_status":"open","sticky":false,"template":"","format":"standard","meta":{"_links_to":"","_links_to_target":""},"categories":[3,1],"tags":[153,379,41,538],"_links":{"self":[{"href":"https:\/\/www.locoxelrojo.com\/independiente\/wp-json\/wp\/v2\/posts\/11730"}],"collection":[{"href":"https:\/\/www.locoxelrojo.com\/independiente\/wp-json\/wp\/v2\/posts"}],"about":[{"href":"https:\/\/www.locoxelrojo.com\/independiente\/wp-json\/wp\/v2\/types\/post"}],"author":[{"embeddable":true,"href":"https:\/\/www.locoxelrojo.com\/independiente\/wp-json\/wp\/v2\/users\/1"}],"replies":[{"embeddable":true,"href":"https:\/\/www.locoxelrojo.com\/independiente\/wp-json\/wp\/v2\/comments?post=11730"}],"version-history":[{"count":0,"href":"https:\/\/www.locoxelrojo.com\/independiente\/wp-json\/wp\/v2\/posts\/11730\/revisions"}],"wp:attachment":[{"href":"https:\/\/www.locoxelrojo.com\/independiente\/wp-json\/wp\/v2\/media?parent=11730"}],"wp:term":[{"taxonomy":"category","embeddable":true,"href":"https:\/\/www.locoxelrojo.com\/independiente\/wp-json\/wp\/v2\/categories?post=11730"},{"taxonomy":"post_tag","embeddable":true,"href":"https:\/\/www.locoxelrojo.com\/independiente\/wp-json\/wp\/v2\/tags?post=11730"}],"curies":[{"name":"wp","href":"https:\/\/api.w.org\/{rel}","templated":true}]}}