{"id":11735,"date":"2011-10-09T20:46:34","date_gmt":"2011-10-09T23:46:34","guid":{"rendered":"http:\/\/www.locoxelrojo.com.ar\/independiente\/?p=11735"},"modified":"2011-10-09T20:46:34","modified_gmt":"2011-10-09T23:46:34","slug":"se-celebro-el-dia-del-futbolista-de-independiente","status":"publish","type":"post","link":"https:\/\/www.locoxelrojo.com\/independiente\/2011\/10\/09\/se-celebro-el-dia-del-futbolista-de-independiente\/","title":{"rendered":"Se celebr\u00f3 el d\u00eda del futbolista de Independiente"},"content":{"rendered":"<p><a href=\"http:\/\/www.locoxelrojo.com.ar\/independiente\/wp-content\/uploads\/2011\/10\/diadelfutbolista.gif\"><img loading=\"lazy\" class=\"alignnone size-full wp-image-11736\" title=\"diadelfutbolista\" src=\"http:\/\/www.locoxelrojo.com.ar\/independiente\/wp-content\/uploads\/2011\/10\/diadelfutbolista.gif\" alt=\"\" width=\"590\" height=\"315\" srcset=\"https:\/\/locoxelrojo.com\/independiente\/wp-content\/uploads\/2011\/10\/diadelfutbolista.gif 590w, https:\/\/locoxelrojo.com\/independiente\/wp-content\/uploads\/2011\/10\/diadelfutbolista-300x160.gif 300w\" sizes=\"(max-width: 590px) 100vw, 590px\" \/><\/a><\/p>\n<p>En el sal\u00f3n de usos m\u00faltiples del Estadio Libertadores de Am\u00e9rica se celebr\u00f3 por tercer a\u00f1o consecutivo el d\u00eda del futbolista de Independiente en donde estuvieron presentes ex glorias del club con motivo de celebraci\u00f3n de la primera copa ganada en la historia historia &#8211; fue en 1909 cuando se derrot\u00f3 1-0 a San Isidro por el certamen Bullrich-.<\/p>\n<p>El Presidente Julio Comparada entreg\u00f3 presentes a Daniel Bertoni, Francisco S\u00e1, Elvio Pavoni, Enzo Trossero, Hugo P\u00e9rez, Manuel Mag\u00e1n, Osvaldo Mura, Roberto Ferreiro, Rub\u00e9n Galvan, Gerardo Meijide y Dar\u00edo Siviski, entre otros. Por otro lado, tambi\u00e9n estuvieron presentes jugadores del plantel profesional como Walter Busse y Javier B\u00e1ez.<\/p>\n<p>El cuerpo t\u00e9cnico de primera divisi\u00f3n y de Reserva tambi\u00e9n dijeron presentes tras ser invitados por el Presidente. As\u00ed, entre los comensales estuvieron Ram\u00f3n D\u00edaz, Sebasti\u00e1n Rambert y Cristian D\u00edaz. Entre los dirigentes, asistieron el actual protesorero Juan Carlos Lombardo, el tesorero Guillermo Muraca, el vocal Gabriel Fern\u00e1ndez y la vocal suplente Fabiana Remeikis.<\/p>\n<p><span style=\"color: #888888;\"><em>Foto: Club Atl\u00e9tico Independiente<\/em><\/span><\/p>\n","protected":false},"excerpt":{"rendered":"<p>En el sal\u00f3n de usos m\u00faltiples del Estadio Libertadores de Am\u00e9rica se celebr\u00f3 por tercer a\u00f1o consecutivo el d\u00eda del futbolista de Independiente en donde estuvieron presentes ex glorias del club con motivo de celebraci\u00f3n de la primera copa ganada en la historia historia &#8211; fue en 1909 cuando se derrot\u00f3 1-0 a San Isidro [&hellip;]<\/p>\n","protected":false},"author":1,"featured_media":0,"comment_status":"open","ping_status":"open","sticky":false,"template":"","format":"standard","meta":{"_links_to":"","_links_to_target":""},"categories":[3,4,1],"tags":[153,1036],"_links":{"self":[{"href":"https:\/\/www.locoxelrojo.com\/independiente\/wp-json\/wp\/v2\/posts\/11735"}],"collection":[{"href":"https:\/\/www.locoxelrojo.com\/independiente\/wp-json\/wp\/v2\/posts"}],"about":[{"href":"https:\/\/www.locoxelrojo.com\/independiente\/wp-json\/wp\/v2\/types\/post"}],"author":[{"embeddable":true,"href":"https:\/\/www.locoxelrojo.com\/independiente\/wp-json\/wp\/v2\/users\/1"}],"replies":[{"embeddable":true,"href":"https:\/\/www.locoxelrojo.com\/independiente\/wp-json\/wp\/v2\/comments?post=11735"}],"version-history":[{"count":0,"href":"https:\/\/www.locoxelrojo.com\/independiente\/wp-json\/wp\/v2\/posts\/11735\/revisions"}],"wp:attachment":[{"href":"https:\/\/www.locoxelrojo.com\/independiente\/wp-json\/wp\/v2\/media?parent=11735"}],"wp:term":[{"taxonomy":"category","embeddable":true,"href":"https:\/\/www.locoxelrojo.com\/independiente\/wp-json\/wp\/v2\/categories?post=11735"},{"taxonomy":"post_tag","embeddable":true,"href":"https:\/\/www.locoxelrojo.com\/independiente\/wp-json\/wp\/v2\/tags?post=11735"}],"curies":[{"name":"wp","href":"https:\/\/api.w.org\/{rel}","templated":true}]}}