{"id":11738,"date":"2011-10-09T21:02:05","date_gmt":"2011-10-10T00:02:05","guid":{"rendered":"http:\/\/www.locoxelrojo.com.ar\/independiente\/?p=11738"},"modified":"2011-10-09T21:02:05","modified_gmt":"2011-10-10T00:02:05","slug":"se-va-perfilando-el-11","status":"publish","type":"post","link":"https:\/\/www.locoxelrojo.com\/independiente\/2011\/10\/09\/se-va-perfilando-el-11\/","title":{"rendered":"Se va perfilando el 11"},"content":{"rendered":"<p><a href=\"http:\/\/www.locoxelrojo.com.ar\/independiente\/wp-content\/uploads\/2011\/10\/patricio_rodriguez.gif\"><img loading=\"lazy\" class=\"alignnone size-full wp-image-11739\" title=\"patricio_rodriguez\" src=\"http:\/\/www.locoxelrojo.com.ar\/independiente\/wp-content\/uploads\/2011\/10\/patricio_rodriguez.gif\" alt=\"\" width=\"590\" height=\"315\" srcset=\"https:\/\/locoxelrojo.com\/independiente\/wp-content\/uploads\/2011\/10\/patricio_rodriguez.gif 590w, https:\/\/locoxelrojo.com\/independiente\/wp-content\/uploads\/2011\/10\/patricio_rodriguez-300x160.gif 300w\" sizes=\"(max-width: 590px) 100vw, 590px\" \/><\/a><\/p>\n<p>Independiente se entren\u00f3 a puertas cerradas en Villa Dom\u00ednico pasadas las 10 de la ma\u00f1ana y Ram\u00f3n D\u00edaz comenz\u00f3 a delinear el 11 de cara a la revancha por los octavos de final de la Copa Sudamericana &#8211; se jugar\u00e1 el pr\u00f3ximo mi\u00e9rcoles en el Libertadores de Am\u00e9rica 21:10-.<\/p>\n<p>Si bien el Rojo se entren\u00f3 a puertas cerradas, Ram\u00f3n D\u00edaz parar\u00e1 un equipo ofensivo que contar\u00e1 con Patricio Rodr\u00edguez y Facundo Parra entre los titulares. Adem\u00e1s, el cuerpo t\u00e9cnico confiaba en reemplazar a Eduardo Tuzzio por Carlos Matheu pero este \u00faltimo no se encuentra al 100% por una inflamaci\u00f3n en la rodilla derecha.<\/p>\n<p>El 11 frente a Liga de Quito ser\u00eda Fabi\u00e1n Assmann; Eduardo Tuzzio,  Juli\u00e1n Vel\u00e1zquez, Gabriel Milito,  Maximiliano Vel\u00e1zquez; Cristian  Pellerano, Fernando Godoy, Osmar  Ferreyra;Patricio Rodr\u00edguez, Facundo  Parra y Brian Nieva.<\/p>\n","protected":false},"excerpt":{"rendered":"<p>Independiente se entren\u00f3 a puertas cerradas en Villa Dom\u00ednico pasadas las 10 de la ma\u00f1ana y Ram\u00f3n D\u00edaz comenz\u00f3 a delinear el 11 de cara a la revancha por los octavos de final de la Copa Sudamericana &#8211; se jugar\u00e1 el pr\u00f3ximo mi\u00e9rcoles en el Libertadores de Am\u00e9rica 21:10-. Si bien el Rojo se entren\u00f3 [&hellip;]<\/p>\n","protected":false},"author":1,"featured_media":0,"comment_status":"open","ping_status":"open","sticky":false,"template":"","format":"standard","meta":{"_links_to":"","_links_to_target":""},"categories":[3,1],"tags":[27,153,353,135,500],"_links":{"self":[{"href":"https:\/\/www.locoxelrojo.com\/independiente\/wp-json\/wp\/v2\/posts\/11738"}],"collection":[{"href":"https:\/\/www.locoxelrojo.com\/independiente\/wp-json\/wp\/v2\/posts"}],"about":[{"href":"https:\/\/www.locoxelrojo.com\/independiente\/wp-json\/wp\/v2\/types\/post"}],"author":[{"embeddable":true,"href":"https:\/\/www.locoxelrojo.com\/independiente\/wp-json\/wp\/v2\/users\/1"}],"replies":[{"embeddable":true,"href":"https:\/\/www.locoxelrojo.com\/independiente\/wp-json\/wp\/v2\/comments?post=11738"}],"version-history":[{"count":0,"href":"https:\/\/www.locoxelrojo.com\/independiente\/wp-json\/wp\/v2\/posts\/11738\/revisions"}],"wp:attachment":[{"href":"https:\/\/www.locoxelrojo.com\/independiente\/wp-json\/wp\/v2\/media?parent=11738"}],"wp:term":[{"taxonomy":"category","embeddable":true,"href":"https:\/\/www.locoxelrojo.com\/independiente\/wp-json\/wp\/v2\/categories?post=11738"},{"taxonomy":"post_tag","embeddable":true,"href":"https:\/\/www.locoxelrojo.com\/independiente\/wp-json\/wp\/v2\/tags?post=11738"}],"curies":[{"name":"wp","href":"https:\/\/api.w.org\/{rel}","templated":true}]}}