{"id":117394,"date":"2024-02-03T22:50:43","date_gmt":"2024-02-04T01:50:43","guid":{"rendered":"https:\/\/www.locoxelrojo.com\/independiente\/?p=117394"},"modified":"2024-02-04T02:35:20","modified_gmt":"2024-02-04T05:35:20","slug":"el-kun-volvio-al-estadio-con-benjamin","status":"publish","type":"post","link":"https:\/\/www.locoxelrojo.com\/independiente\/2024\/02\/03\/el-kun-volvio-al-estadio-con-benjamin\/","title":{"rendered":"El Kun volvi\u00f3 al estadio con Benjam\u00edn"},"content":{"rendered":"<p><strong>Sergio Ag\u00fcero estuvo en uno de los palcos viendo el partido de Independiente ante Gimnasia en el Estadio Libertadores de Am\u00e9rica &#8211; Ricardo Enrique Bochini.<\/strong><\/p>\n<p>El Kun hab\u00eda visitado el predio de Villa Dom\u00ednico la semana pasada y este s\u00e1bado volvi\u00f3 a acercarse al club. <strong>Despu\u00e9s de muchos a\u00f1os, se dio una vuelta por el estadio<\/strong> para ver al equipo.<\/p>\n<p>Si bien no hubo ninguna presentaci\u00f3n especial ante los hinchas, las c\u00e1maras enfocaron a Ag\u00fcero <strong>viendo el encuentro con su hijo Benjam\u00edn<\/strong> desde un palco de la platea Erico.<\/p>\n<p>Cabe recordar que <a href=\"https:\/\/www.locoxelrojo.com\/independiente\/2024\/01\/23\/hola-perdida\/\">el hijo del Kun empez\u00f3 a jugar este a\u00f1o en las Inferiores de Independiente<\/a>. Este mismo s\u00e1bado disput\u00f3 su primer partido con la Octava Divisi\u00f3n, en la victoria 3-2 ante Quilmes.<\/p>\n<blockquote class=\"twitter-tweet\" data-width=\"550\" data-dnt=\"true\">\n<p lang=\"es\" dir=\"ltr\">PIEDRA LIBRE PARA EL KUN \ud83d\udd34 Sergio Ag\u00fcero junto a su hijo Benjam\u00edn, viendo Independiente vs. Gimnasia<a href=\"https:\/\/twitter.com\/hashtag\/LPFxTNTSports?src=hash&amp;ref_src=twsrc%5Etfw\">#LPFxTNTSports<\/a> <a href=\"https:\/\/t.co\/k4gmtNE3NW\">pic.twitter.com\/k4gmtNE3NW<\/a><\/p>\n<p>&mdash; TNT Sports Argentina (@TNTSportsAR) <a href=\"https:\/\/twitter.com\/TNTSportsAR\/status\/1753924001963925555?ref_src=twsrc%5Etfw\">February 3, 2024<\/a><\/p><\/blockquote>\n<p><script async src=\"https:\/\/platform.twitter.com\/widgets.js\" charset=\"utf-8\"><\/script><\/p>\n","protected":false},"excerpt":{"rendered":"<p>Sergio Ag\u00fcero estuvo en uno de los palcos viendo el partido de Independiente ante Gimnasia en el Estadio Libertadores de Am\u00e9rica &#8211; Ricardo Enrique Bochini. El Kun hab\u00eda visitado el predio de Villa Dom\u00ednico la semana pasada y este s\u00e1bado volvi\u00f3 a acercarse al club. Despu\u00e9s de muchos a\u00f1os, se dio una vuelta por el [&hellip;]<\/p>\n","protected":false},"author":8,"featured_media":117396,"comment_status":"open","ping_status":"closed","sticky":false,"template":"","format":"standard","meta":{"_links_to":"","_links_to_target":""},"categories":[3280,3247],"tags":[1468,153,5550,5248,143],"_links":{"self":[{"href":"https:\/\/www.locoxelrojo.com\/independiente\/wp-json\/wp\/v2\/posts\/117394"}],"collection":[{"href":"https:\/\/www.locoxelrojo.com\/independiente\/wp-json\/wp\/v2\/posts"}],"about":[{"href":"https:\/\/www.locoxelrojo.com\/independiente\/wp-json\/wp\/v2\/types\/post"}],"author":[{"embeddable":true,"href":"https:\/\/www.locoxelrojo.com\/independiente\/wp-json\/wp\/v2\/users\/8"}],"replies":[{"embeddable":true,"href":"https:\/\/www.locoxelrojo.com\/independiente\/wp-json\/wp\/v2\/comments?post=117394"}],"version-history":[{"count":2,"href":"https:\/\/www.locoxelrojo.com\/independiente\/wp-json\/wp\/v2\/posts\/117394\/revisions"}],"predecessor-version":[{"id":117397,"href":"https:\/\/www.locoxelrojo.com\/independiente\/wp-json\/wp\/v2\/posts\/117394\/revisions\/117397"}],"wp:featuredmedia":[{"embeddable":true,"href":"https:\/\/www.locoxelrojo.com\/independiente\/wp-json\/wp\/v2\/media\/117396"}],"wp:attachment":[{"href":"https:\/\/www.locoxelrojo.com\/independiente\/wp-json\/wp\/v2\/media?parent=117394"}],"wp:term":[{"taxonomy":"category","embeddable":true,"href":"https:\/\/www.locoxelrojo.com\/independiente\/wp-json\/wp\/v2\/categories?post=117394"},{"taxonomy":"post_tag","embeddable":true,"href":"https:\/\/www.locoxelrojo.com\/independiente\/wp-json\/wp\/v2\/tags?post=117394"}],"curies":[{"name":"wp","href":"https:\/\/api.w.org\/{rel}","templated":true}]}}