{"id":11741,"date":"2011-10-09T23:23:28","date_gmt":"2011-10-10T02:23:28","guid":{"rendered":"http:\/\/www.locoxelrojo.com.ar\/independiente\/?p=11741"},"modified":"2011-10-09T23:25:33","modified_gmt":"2011-10-10T02:25:33","slug":"nieva-no-me-siento-titular","status":"publish","type":"post","link":"https:\/\/www.locoxelrojo.com\/independiente\/2011\/10\/09\/nieva-no-me-siento-titular\/","title":{"rendered":"Nieva: &#8220;No me siento titular&#8221;"},"content":{"rendered":"<p><a href=\"http:\/\/www.locoxelrojo.com.ar\/independiente\/wp-content\/uploads\/2011\/10\/nieva_brian1.gif\"><img loading=\"lazy\" class=\"alignnone size-full wp-image-11743\" title=\"nieva_brian\" src=\"http:\/\/www.locoxelrojo.com.ar\/independiente\/wp-content\/uploads\/2011\/10\/nieva_brian1.gif\" alt=\"\" width=\"590\" height=\"315\" srcset=\"https:\/\/locoxelrojo.com\/independiente\/wp-content\/uploads\/2011\/10\/nieva_brian1.gif 590w, https:\/\/locoxelrojo.com\/independiente\/wp-content\/uploads\/2011\/10\/nieva_brian1-300x160.gif 300w\" sizes=\"(max-width: 590px) 100vw, 590px\" \/><\/a><\/p>\n<p><strong>Brian Nieva<\/strong> dialog\u00f3 con <strong>Independiente de Am\u00e9rica<\/strong> y se refiri\u00f3 a la mini pretemporada en la semana sin competencia local, adem\u00e1s anticip\u00f3 el duelo con Liga de Quito el pr\u00f3ximo mi\u00e9rcoles. &#8220;<strong>Se trabaj\u00f3 y labur\u00f3 mucho, el grupo est\u00e1 bien y esperando con ganas el partido&#8221;<\/strong>, anticip\u00f3.<\/p>\n<p>Luego, a\u00f1adi\u00f3: &#8220;<strong>Tenemos que salir a buscar el resultado, somos locales y la gente nos acompa\u00f1a, hay que salir con todo&#8221;<\/strong>. De todas formas, advirti\u00f3 que va a ser importante<strong> &#8220;la precauci\u00f3n y tranquilidad porque si hacemos uno los otros entran solos&#8221;.<\/strong><\/p>\n<p>El m\u00e1ximo goleador de las divisiones inferiores,\u00a0 tambi\u00e9n se refiri\u00f3 a su primer gol.<strong> &#8220;En la euforia del gol contra Rafaela le agradec\u00ed a Parra haci\u00e9ndole entender que fue todo de \u00e9l, me habla constantemente y es un buen compa\u00f1ero&#8221;<\/strong>. El mismo agradecimiento lleg\u00f3 para Patricio Rodr\u00edguez. <strong>&#8220;Me mand\u00f3 un mensaje post cl\u00e1sico y le agradec\u00ed, me dijo que hab\u00eda hecho un buen partido&#8221;<\/strong>, cont\u00f3.<\/p>\n<p>Por \u00faltimo aclar\u00f3 que no siente tener un lugar asegurado en el equipo. <strong>&#8220;Cualquier muchacho del plantel que entre va a querer hacer lo mejor, no me siento titular&#8221;<\/strong>. De todas formas, cont\u00f3 que se siente c\u00f3modo con Parra. &#8220;<strong>No tenemos problemas de tirarnos atr\u00e1s, el esfuerzo hay que hacerlo aunque nos gusta m\u00e1s el arco rival<\/strong>&#8220;, sincer\u00f3.<\/p>\n","protected":false},"excerpt":{"rendered":"<p>Brian Nieva dialog\u00f3 con Independiente de Am\u00e9rica y se refiri\u00f3 a la mini pretemporada en la semana sin competencia local, adem\u00e1s anticip\u00f3 el duelo con Liga de Quito el pr\u00f3ximo mi\u00e9rcoles. &#8220;Se trabaj\u00f3 y labur\u00f3 mucho, el grupo est\u00e1 bien y esperando con ganas el partido&#8221;, anticip\u00f3. Luego, a\u00f1adi\u00f3: &#8220;Tenemos que salir a buscar el [&hellip;]<\/p>\n","protected":false},"author":1,"featured_media":0,"comment_status":"open","ping_status":"open","sticky":false,"template":"","format":"standard","meta":{"_links_to":"","_links_to_target":""},"categories":[7,3,1],"tags":[124,153,353],"_links":{"self":[{"href":"https:\/\/www.locoxelrojo.com\/independiente\/wp-json\/wp\/v2\/posts\/11741"}],"collection":[{"href":"https:\/\/www.locoxelrojo.com\/independiente\/wp-json\/wp\/v2\/posts"}],"about":[{"href":"https:\/\/www.locoxelrojo.com\/independiente\/wp-json\/wp\/v2\/types\/post"}],"author":[{"embeddable":true,"href":"https:\/\/www.locoxelrojo.com\/independiente\/wp-json\/wp\/v2\/users\/1"}],"replies":[{"embeddable":true,"href":"https:\/\/www.locoxelrojo.com\/independiente\/wp-json\/wp\/v2\/comments?post=11741"}],"version-history":[{"count":0,"href":"https:\/\/www.locoxelrojo.com\/independiente\/wp-json\/wp\/v2\/posts\/11741\/revisions"}],"wp:attachment":[{"href":"https:\/\/www.locoxelrojo.com\/independiente\/wp-json\/wp\/v2\/media?parent=11741"}],"wp:term":[{"taxonomy":"category","embeddable":true,"href":"https:\/\/www.locoxelrojo.com\/independiente\/wp-json\/wp\/v2\/categories?post=11741"},{"taxonomy":"post_tag","embeddable":true,"href":"https:\/\/www.locoxelrojo.com\/independiente\/wp-json\/wp\/v2\/tags?post=11741"}],"curies":[{"name":"wp","href":"https:\/\/api.w.org\/{rel}","templated":true}]}}