{"id":117467,"date":"2024-02-08T23:25:57","date_gmt":"2024-02-09T02:25:57","guid":{"rendered":"https:\/\/www.locoxelrojo.com\/independiente\/?p=117467"},"modified":"2024-02-09T01:58:07","modified_gmt":"2024-02-09T04:58:07","slug":"fedorco-se-perdieron-dos-puntos-pero-hay-que-pensar-en-lo-que-viene","status":"publish","type":"post","link":"https:\/\/www.locoxelrojo.com\/independiente\/2024\/02\/08\/fedorco-se-perdieron-dos-puntos-pero-hay-que-pensar-en-lo-que-viene\/","title":{"rendered":"Fedorco: &#8220;Se perdieron dos puntos, pero hay que pensar en lo que viene&#8221;"},"content":{"rendered":"<p><strong>Juan Manuel Fedorco<\/strong> habl\u00f3 luego de su debut con la camiseta de Independiente. El defensor analiz\u00f3 <a href=\"https:\/\/www.locoxelrojo.com\/independiente\/2024\/02\/08\/dejo-puntos-en-el-camino\/\">el empate 0-0 ante Hurac\u00e1n<\/a>.<\/p>\n<p><strong>&#8220;Obviamente nos queda ese sabor amargo de no poder terminar de abrir el partido. En lo personal tengo un mont\u00f3n de sensaciones, agradecido por la oportunidad, vestir la camiseta de Independiente es un privilegio, significa mucho para m\u00ed y ni en mis mejores sue\u00f1os me lo imagin\u00e9. Ojal\u00e1 que lo grupal empiece a aparecer en las pr\u00f3ximas fechas&#8221;<\/strong>, expres\u00f3.<\/p>\n<p>Luego, hizo un breve an\u00e1lisis del partido: <strong>&#8220;Sab\u00edamos que en todo el segundo tiempo \u00edbamos a ser un hombre m\u00e1s. Por eso ten\u00edamos que ir a buscarlos. Creo que encontramos las ocasiones, pero no pudimos convertir. Con el correr de los minutos uno va perdiendo claridad y eso nos pas\u00f3 sobre el final&#8221;<\/strong>.<\/p>\n<p><strong>&#8220;Por como se dio el partido, las situaciones que tuvimos y no pudimos convertir, claramente perdimos dos puntos. Ahora hay que pensar en lo que viene, siempre es importante sumar de a tres en casa&#8221;<\/strong>, cerr\u00f3.<\/p>\n","protected":false},"excerpt":{"rendered":"<p>Juan Manuel Fedorco habl\u00f3 luego de su debut con la camiseta de Independiente. El defensor analiz\u00f3 el empate 0-0 ante Hurac\u00e1n. &#8220;Obviamente nos queda ese sabor amargo de no poder terminar de abrir el partido. En lo personal tengo un mont\u00f3n de sensaciones, agradecido por la oportunidad, vestir la camiseta de Independiente es un privilegio, [&hellip;]<\/p>\n","protected":false},"author":101034,"featured_media":117468,"comment_status":"open","ping_status":"closed","sticky":false,"template":"","format":"standard","meta":{"_links_to":"","_links_to_target":""},"categories":[3247,3],"tags":[153,5550,310,5566],"_links":{"self":[{"href":"https:\/\/www.locoxelrojo.com\/independiente\/wp-json\/wp\/v2\/posts\/117467"}],"collection":[{"href":"https:\/\/www.locoxelrojo.com\/independiente\/wp-json\/wp\/v2\/posts"}],"about":[{"href":"https:\/\/www.locoxelrojo.com\/independiente\/wp-json\/wp\/v2\/types\/post"}],"author":[{"embeddable":true,"href":"https:\/\/www.locoxelrojo.com\/independiente\/wp-json\/wp\/v2\/users\/101034"}],"replies":[{"embeddable":true,"href":"https:\/\/www.locoxelrojo.com\/independiente\/wp-json\/wp\/v2\/comments?post=117467"}],"version-history":[{"count":1,"href":"https:\/\/www.locoxelrojo.com\/independiente\/wp-json\/wp\/v2\/posts\/117467\/revisions"}],"predecessor-version":[{"id":117469,"href":"https:\/\/www.locoxelrojo.com\/independiente\/wp-json\/wp\/v2\/posts\/117467\/revisions\/117469"}],"wp:featuredmedia":[{"embeddable":true,"href":"https:\/\/www.locoxelrojo.com\/independiente\/wp-json\/wp\/v2\/media\/117468"}],"wp:attachment":[{"href":"https:\/\/www.locoxelrojo.com\/independiente\/wp-json\/wp\/v2\/media?parent=117467"}],"wp:term":[{"taxonomy":"category","embeddable":true,"href":"https:\/\/www.locoxelrojo.com\/independiente\/wp-json\/wp\/v2\/categories?post=117467"},{"taxonomy":"post_tag","embeddable":true,"href":"https:\/\/www.locoxelrojo.com\/independiente\/wp-json\/wp\/v2\/tags?post=117467"}],"curies":[{"name":"wp","href":"https:\/\/api.w.org\/{rel}","templated":true}]}}